{"id":98966,"date":"2022-09-28T10:32:33","date_gmt":"2022-09-28T13:32:33","guid":{"rendered":"https:\/\/tvtecjundiai.com.br\/news\/?p=98966"},"modified":"2022-09-28T10:32:38","modified_gmt":"2022-09-28T13:32:38","slug":"regiao-central-veja-como-fazer-o-descarte-de-residuos-corretamente","status":"publish","type":"post","link":"https:\/\/tvtecjundiai.com.br\/news\/2022\/09\/28\/regiao-central-veja-como-fazer-o-descarte-de-residuos-corretamente\/","title":{"rendered":"Regi\u00e3o Central: veja como fazer o descarte de res\u00edduos corretamente"},"content":{"rendered":"\n<p>A Prefeitura de Jundia\u00ed, por meio da Unidade de Gest\u00e3o de Infraestrutura e Servi\u00e7os P\u00fablicos (UGISP), orienta os moradores da regi\u00e3o central de Jundia\u00ed a realizarem o descarte de res\u00edduos da forma correta. Os res\u00edduos org\u00e2nicos devem ser colocados em sacos pl\u00e1sticos da cor preta e os res\u00edduos recicl\u00e1veis devem ser alocados em sacos azuis. Ambos devem ser deixados na porta da resid\u00eancia ou com\u00e9rcio.<\/p>\n\n\n\n<p>\u201cEssa diferencia\u00e7\u00e3o ajuda o coletor a identificar o tipo de res\u00edduo e, consequentemente, a dar o destino adequado a eles\u201d, afirma o Diretor da UGISP, M\u00e1rcio Moraes. \u201c\u00c9 importante que a pr\u00f3pria popula\u00e7\u00e3o fiscalize e oriente quando observar algum morador fazendo o descarte inadequado\u201d, completou.<\/p>\n\n\n\n<figure class=\"wp-block-image size-large\"><img loading=\"lazy\" decoding=\"async\" width=\"1200\" height=\"800\" src=\"https:\/\/tvtecjundiai.com.br\/news\/wp-content\/uploads\/sites\/2\/2022\/09\/coleta-de-lixo-organico_c_-14-1200x800.jpg\" alt=\"\" class=\"wp-image-98967\" srcset=\"https:\/\/tvtecjundiai.com.br\/news\/wp-content\/uploads\/sites\/2\/2022\/09\/coleta-de-lixo-organico_c_-14-1200x800.jpg 1200w, https:\/\/tvtecjundiai.com.br\/news\/wp-content\/uploads\/sites\/2\/2022\/09\/coleta-de-lixo-organico_c_-14-300x200.jpg 300w, https:\/\/tvtecjundiai.com.br\/news\/wp-content\/uploads\/sites\/2\/2022\/09\/coleta-de-lixo-organico_c_-14-768x512.jpg 768w, https:\/\/tvtecjundiai.com.br\/news\/wp-content\/uploads\/sites\/2\/2022\/09\/coleta-de-lixo-organico_c_-14.jpg 1280w\" sizes=\"auto, (max-width: 1200px) 100vw, 1200px\" \/><figcaption>Res\u00edduos org\u00e2nicos e recicl\u00e1veis devem ser colocados em sacos de cores diferentes para diferenciar o tipo de coleta<\/figcaption><\/figure>\n\n\n\n<p><strong>Coleta<\/strong><\/p>\n\n\n\n<p>A coleta na regi\u00e3o central varia de acordo com o tipo de res\u00edduos: org\u00e2nico e recicl\u00e1vel. A coleta org\u00e2nica \u00e9 realizada de segunda a s\u00e1bado, no per\u00edodo noturno. A coleta seletiva, por sua vez, ocorre em dias alternados, de acordo com o CEP (consulte&nbsp;<a rel=\"noreferrer noopener\" href=\"https:\/\/jundiai.sp.gov.br\/infraestrutura-e-servicos-publicos\/limpeza-publica\/coleta-organica-seletiva-e-cata-treco\/\" target=\"_blank\">clicando aqui<\/a>).<\/p>\n\n\n\n<p>Mas aten\u00e7\u00e3o. Nas ruas Bar\u00e3o de Jundia\u00ed, Ros\u00e1rio e Bernardino de Campo, excepcionalmente, a coleta org\u00e2nica ocorre duas vezes ao dia, no per\u00edodo diurno e noturno. A coleta seletiva \u00e9 di\u00e1ria.<br>\u00c9 de extrema import\u00e2ncia a diferencia\u00e7\u00e3o na cor dos sacos em toda a regi\u00e3o central, uma vez que em alguns dias, ocorrem os dois tipos de coletas.<\/p>\n\n\n\n<p><strong><em>(Fonte\/Imagem: Prefeitura de Jundia\u00ed)<\/em><\/strong><\/p>\n","protected":false},"excerpt":{"rendered":"<p>Res\u00edduos org\u00e2nicos devem estar em sacos pl\u00e1sticos da cor preta e res\u00edduos recicl\u00e1veis devem estar em sacos azuis<\/p>\n","protected":false},"author":30,"featured_media":98967,"comment_status":"closed","ping_status":"0","sticky":false,"template":"","format":"standard","meta":{"footnotes":""},"categories":[2834,8356,1],"tags":[],"class_list":["post-98966","post","type-post","status-publish","format-standard","has-post-thumbnail","hentry","category-cidades","category-jundiai","category-noticias"],"_links":{"self":[{"href":"https:\/\/tvtecjundiai.com.br\/news\/wp-json\/wp\/v2\/posts\/98966","targetHints":{"allow":["GET"]}}],"collection":[{"href":"https:\/\/tvtecjundiai.com.br\/news\/wp-json\/wp\/v2\/posts"}],"about":[{"href":"https:\/\/tvtecjundiai.com.br\/news\/wp-json\/wp\/v2\/types\/post"}],"author":[{"embeddable":true,"href":"https:\/\/tvtecjundiai.com.br\/news\/wp-json\/wp\/v2\/users\/30"}],"replies":[{"embeddable":true,"href":"https:\/\/tvtecjundiai.com.br\/news\/wp-json\/wp\/v2\/comments?post=98966"}],"version-history":[{"count":1,"href":"https:\/\/tvtecjundiai.com.br\/news\/wp-json\/wp\/v2\/posts\/98966\/revisions"}],"predecessor-version":[{"id":98968,"href":"https:\/\/tvtecjundiai.com.br\/news\/wp-json\/wp\/v2\/posts\/98966\/revisions\/98968"}],"wp:featuredmedia":[{"embeddable":true,"href":"https:\/\/tvtecjundiai.com.br\/news\/wp-json\/wp\/v2\/media\/98967"}],"wp:attachment":[{"href":"https:\/\/tvtecjundiai.com.br\/news\/wp-json\/wp\/v2\/media?parent=98966"}],"wp:term":[{"taxonomy":"category","embeddable":true,"href":"https:\/\/tvtecjundiai.com.br\/news\/wp-json\/wp\/v2\/categories?post=98966"},{"taxonomy":"post_tag","embeddable":true,"href":"https:\/\/tvtecjundiai.com.br\/news\/wp-json\/wp\/v2\/tags?post=98966"}],"curies":[{"name":"wp","href":"https:\/\/api.w.org\/{rel}","templated":true}]}}