{"id":98984,"date":"2022-09-28T13:01:14","date_gmt":"2022-09-28T16:01:14","guid":{"rendered":"https:\/\/tvtecjundiai.com.br\/news\/?p=98984"},"modified":"2022-09-28T13:38:45","modified_gmt":"2022-09-28T16:38:45","slug":"jundiai-recebe-o-1o-encontro-mulheres-do-turismo-paulista","status":"publish","type":"post","link":"https:\/\/tvtecjundiai.com.br\/news\/2022\/09\/28\/jundiai-recebe-o-1o-encontro-mulheres-do-turismo-paulista\/","title":{"rendered":"Jundia\u00ed recebe o 1\u00ba Encontro Mulheres do Turismo Paulista"},"content":{"rendered":"\n<p>Em comemora\u00e7\u00e3o ao Dia Mundial do Turismo, celebrado no dia 27 de setembro, aconteceu na ter\u00e7a-feira (27), em Jundia\u00ed, o primeiro encontro Mulheres do Turismo Paulista. O evento contou com a participa\u00e7\u00e3o da primeira-dama do Estado de S\u00e3o Paulo, Luciana Garcia, al\u00e9m de primeiras-damas dos Munic\u00edpios de Interesse Tur\u00edstico e das Est\u00e2ncias Paulistas, gestoras de turismo, secret\u00e1rias, diretoras, t\u00e9cnicas em turismo e turism\u00f3logas da Regi\u00e3o Metropolitana de Jundia\u00ed e demais cidades do estado.<\/p>\n\n\n\n<p>Jundia\u00ed foi representada pelo prefeito Luiz Fernando Machado, acompanhado da presidente do Fundo Social de Solidariedade, Vanessa Machado, e pela diretora de Turismo, Marcela Moro, em evento realizado na Adega Beraldo Di Cale, que faz parte da Rota da Uva, no bairro do Caxambu. \u201cJundia\u00ed \u00e9 um munic\u00edpio que se destaca pelo seu turismo e uma refer\u00eancia no setor. E nada melhor do que este encontro de mulheres para falar de uma \u00e1rea em que elas s\u00e3o t\u00e3o atuantes e que valoriza tanto o seu trabalho\u201d, discursou o prefeito.<\/p>\n\n\n\n<figure class=\"wp-block-image\"><img decoding=\"async\" src=\"https:\/\/jundiai.sp.gov.br\/noticias\/wp-content\/uploads\/sites\/32\/2022\/09\/encontro-mulheres-do-turismo-paulista_fm_-90.jpg\" alt=\"Luciana Garcia recebe espumante do prefeito Luiz Fernando e a primeira-dama Vanessa Machado\" class=\"wp-image-302374\" \/><figcaption>Luciana Garcia foi homenageada pelo prefeito Luiz Fernando e a primeira-dama Vanessa Machado<\/figcaption><\/figure>\n\n\n\n<p>Aos convidados, foi servido um caf\u00e9 com produtos t\u00edpicos da cultura jundiaiense, como o crustoli e o suco de uva, e a propriet\u00e1ria da Adega, Ariana Sgarioni, contou um pouco sobre a hist\u00f3ria de sua fam\u00edlia e de como a Beraldo di Cale se tornou o que \u00e9 hoje.<\/p>\n\n\n\n<p>No local, tamb\u00e9m estiveram presentes expositoras de produtos rurais locais, desenvolvidos e comandados por mulheres empreendedoras. \u201cAs mulheres t\u00eam de estar em todos os lugares e o turismo \u00e9 uma \u00e1rea que d\u00e1 muito espa\u00e7o para n\u00f3s. N\u00f3s mulheres ocupamos 54% dos cargos no turismo no mundo, e o incentivo n\u00e3o \u00e9 apenas nos cargos t\u00e9cnicos, mas tamb\u00e9m em tudo o que envolve o empreendedorismo e como uma fonte de trabalho e renda para as mulheres\u201d, afirma a primeira-dama do estado, Luciana Garcia.<\/p>\n\n\n\n<p>O evento foi prestigiado ainda pelo secret\u00e1rio de turismo e viagens do estado de S\u00e3o Paulo, Vin\u00edcius Lummertz, e pelo gestor da Unidade de Gest\u00e3o de Agroneg\u00f3cio, Abastecimento e Turismo (UGAAT), Eduardo Alvarez, al\u00e9m dos prefeitos de Morungaba, Nazar\u00e9 Paulista e S\u00e3o Sim\u00e3o. \u201c\u00c9 uma honra comemorar o Dia do Turismo com um encontro de munic\u00edpios de grande interesse tur\u00edstico no estado de S\u00e3o Paulo. A vinda da primeira-dama \u00e9 fruto de um trabalho consolidado no setor\u201d, afirma o gestor.<\/p>\n\n\n\n<p>A diretora de Turismo de Jundia\u00ed, Marcela Moro, anunciou tamb\u00e9m a cria\u00e7\u00e3o do F\u00f3rum das Mulheres do Turismo Paulista, para a troca de experi\u00eancias e discuss\u00e3o do futuro do turismo em todo o estado de S\u00e3o Paulo. \u201cJundia\u00ed tem 80 empreendimentos de Turismo Rural, 60% deles comandados por mulheres, e somos imbat\u00edveis nesse quesito. Todas as mulheres que quiserem colaborar est\u00e3o convidadas\u201d, afirma a diretora.<\/p>\n\n\n\n<figure class=\"wp-block-image\"><img decoding=\"async\" src=\"https:\/\/jundiai.sp.gov.br\/noticias\/wp-content\/uploads\/sites\/32\/2022\/09\/encontro-mulheres-do-turismo-paulista_fm_-77.jpg\" alt=\"\" class=\"wp-image-302382\" \/><figcaption>Luciana Garcia discursa no lotado 1\u00ba Encontro Mulheres do Turismo Paulista<\/figcaption><\/figure>\n\n\n\n<p><strong>Dia do Turismo<\/strong><\/p>\n\n\n\n<p>O Dia Mundial do Turismo \u00e9 celebrado todo dia 27 de setembro desde 1980. A data foi estabelecida pela Organiza\u00e7\u00e3o Mundial do Turismo (OMT), em comemora\u00e7\u00e3o ao anivers\u00e1rio de uma d\u00e9cada do Estatuto da Organiza\u00e7\u00e3o Mundial do Turismo, e tem como principal objetivo ressaltar a import\u00e2ncia econ\u00f4mica, social e cultural dessa atividade.<\/p>\n\n\n\n<p>O objetivo da data \u00e9 ressaltar a import\u00e2ncia dessa atividade em seus mais diferenciados aspectos sociais, culturais e econ\u00f4micos. Mais recentemente, discute-se tamb\u00e9m o papel das atividades tur\u00edsticas na promo\u00e7\u00e3o do desenvolvimento sustent\u00e1vel. Dessa forma, todos os anos, a OMT leva aten\u00e7\u00e3o a um tema espec\u00edfico, com o intuito de explorar as diversas facetas do turismo e a sua relev\u00e2ncia no mundo atual.<\/p>\n\n\n\n<figure class=\"wp-block-image\"><img decoding=\"async\" src=\"https:\/\/jundiai.sp.gov.br\/noticias\/wp-content\/uploads\/sites\/32\/2022\/09\/encontro-mulheres-do-turismo-paulista_fm_-5-1.jpg\" alt=\"Foto geral do \u00ba Encontro Mulheres do Turismo Paulista com gestoras de turismo, secret\u00e1rias, diretoras, t\u00e9cnicas em turismo e turism\u00f3logas\" class=\"wp-image-302373\" \/><figcaption>Encontro controu com a presen\u00e7a de gestoras de turismo, secret\u00e1rias, diretoras, t\u00e9cnicas em turismo e turism\u00f3logas<\/figcaption><\/figure>\n\n\n\n<p><strong><em>(Fonte\/Imagem: Prefeitura de Jundia\u00ed)<\/em><\/strong><\/p>\n","protected":false},"excerpt":{"rendered":"<p>Encontro contou com a presen\u00e7a de gestoras de turismo, secret\u00e1rias, diretoras, t\u00e9cnicas em turismo e turism\u00f3logas<\/p>\n","protected":false},"author":27,"featured_media":98985,"comment_status":"closed","ping_status":"0","sticky":false,"template":"","format":"standard","meta":{"footnotes":""},"categories":[8356],"tags":[],"class_list":["post-98984","post","type-post","status-publish","format-standard","has-post-thumbnail","hentry","category-jundiai"],"_links":{"self":[{"href":"https:\/\/tvtecjundiai.com.br\/news\/wp-json\/wp\/v2\/posts\/98984","targetHints":{"allow":["GET"]}}],"collection":[{"href":"https:\/\/tvtecjundiai.com.br\/news\/wp-json\/wp\/v2\/posts"}],"about":[{"href":"https:\/\/tvtecjundiai.com.br\/news\/wp-json\/wp\/v2\/types\/post"}],"author":[{"embeddable":true,"href":"https:\/\/tvtecjundiai.com.br\/news\/wp-json\/wp\/v2\/users\/27"}],"replies":[{"embeddable":true,"href":"https:\/\/tvtecjundiai.com.br\/news\/wp-json\/wp\/v2\/comments?post=98984"}],"version-history":[{"count":3,"href":"https:\/\/tvtecjundiai.com.br\/news\/wp-json\/wp\/v2\/posts\/98984\/revisions"}],"predecessor-version":[{"id":98989,"href":"https:\/\/tvtecjundiai.com.br\/news\/wp-json\/wp\/v2\/posts\/98984\/revisions\/98989"}],"wp:featuredmedia":[{"embeddable":true,"href":"https:\/\/tvtecjundiai.com.br\/news\/wp-json\/wp\/v2\/media\/98985"}],"wp:attachment":[{"href":"https:\/\/tvtecjundiai.com.br\/news\/wp-json\/wp\/v2\/media?parent=98984"}],"wp:term":[{"taxonomy":"category","embeddable":true,"href":"https:\/\/tvtecjundiai.com.br\/news\/wp-json\/wp\/v2\/categories?post=98984"},{"taxonomy":"post_tag","embeddable":true,"href":"https:\/\/tvtecjundiai.com.br\/news\/wp-json\/wp\/v2\/tags?post=98984"}],"curies":[{"name":"wp","href":"https:\/\/api.w.org\/{rel}","templated":true}]}}