{"id":98993,"date":"2022-09-28T15:50:33","date_gmt":"2022-09-28T18:50:33","guid":{"rendered":"https:\/\/tvtecjundiai.com.br\/news\/?p=98993"},"modified":"2022-09-28T15:50:38","modified_gmt":"2022-09-28T18:50:38","slug":"departamento-nacional-de-infraestrutura-de-transportes-realiza-leilao-on-line-de-materiais-ferroviarios","status":"publish","type":"post","link":"https:\/\/tvtecjundiai.com.br\/news\/2022\/09\/28\/departamento-nacional-de-infraestrutura-de-transportes-realiza-leilao-on-line-de-materiais-ferroviarios\/","title":{"rendered":"Departamento Nacional de Infraestrutura de Transportes realiza leil\u00e3o on-line de materiais ferrovi\u00e1rios"},"content":{"rendered":"\n<p>O Departamento Nacional de Infraestrutura de Transportes (DNIT) realizou, na \u00faltima semana, um leil\u00e3o on-line para interessados em comprar itens vinculados \u00e0 ferrovia, mas sem interesse hist\u00f3rico ou cultural, e localizados em diversos Munic\u00edpios paulistas. Entre os itens colocados \u00e0 venda, constavam materiais pertencentes ao \u00f3rg\u00e3o vinculado ao Minist\u00e9rio da Infraestrutura, mas guardados no Espa\u00e7o Expressa (antigo Complexo Fepasa). Todos os lotes de itens localizados em Jundia\u00ed foram arrematados por interessados.<\/p>\n\n\n\n<p>O gestor de Cultura, Marcelo Peroni, reitera a import\u00e2ncia da transpar\u00eancia do processo. \u201c\u00c9 muito importante ressaltar que os materiais em quest\u00e3o eram propriedades do DNIT e se encontravam somente sob a nossa guarda. Vale lembrar tamb\u00e9m que eram materiais sem valor hist\u00f3rico ou em duplicidade e que o DNIT, antes de coloca-los \u00e0 venda, deixou que particip\u00e1ssemos do processo de escolha, para apontarmos tamb\u00e9m quais itens eram de nosso interesse para que permane\u00e7am no Munic\u00edpio. E pela transpar\u00eancia do processo, tamb\u00e9m foram chamadas as associa\u00e7\u00f5es de preserva\u00e7\u00e3o do patrim\u00f4nio ferrovi\u00e1rio, para que fizessem seus apontamentos\u201d.<\/p>\n\n\n\n<p>Compunham os lotes de itens \u00e0 venda em Jundia\u00ed pe\u00e7as como m\u00e1quinas de tipografia, balan\u00e7as, arm\u00e1rios, vag\u00f5es, blocos de motores, estruturas de ferro e madeira, cilindros de freios, al\u00e9m de uma locomotiva el\u00e9trica da extinta Fepasa.<\/p>\n\n\n\n<figure class=\"wp-block-image\"><img decoding=\"async\" src=\"https:\/\/jundiai.sp.gov.br\/noticias\/wp-content\/uploads\/sites\/32\/2022\/09\/expressa-leilao-dnit_fm_-3.jpg\" alt=\"\" class=\"wp-image-302390\" \/><figcaption>Todo o material leiloado era de propriedade do DNIT, que realizou a mesma a\u00e7\u00e3o em diversos Munic\u00edpios paulistas<\/figcaption><\/figure>\n\n\n\n<p>Para tratar do prazo e log\u00edstica para a retirada das pe\u00e7as arrematadas, o diretor do Departamento de Gest\u00e3o do Espa\u00e7o Expressa, William Paix\u00e3o, participou de reuni\u00e3o na sede do Departamento em S\u00e3o Paulo. \u201cIniciamos as tratativas para remo\u00e7\u00e3o desse material, o que possibilitar\u00e1 tamb\u00e9m um espa\u00e7o maior dentro da estrutura para que a Prefeitura planeje novas ocupa\u00e7\u00f5es e interven\u00e7\u00f5es, de acordo com a nova voca\u00e7\u00e3o do Espa\u00e7o Expressa, um espa\u00e7o de cultura, humanidades e futuro\u201d.<\/p>\n\n\n\n<p><a href=\"https:\/\/cultura.jundiai.sp.gov.br\/o-complexo-fepasa-agora-e-expressa\/\" target=\"_blank\" rel=\"noreferrer noopener\">SAIBA MAIS SOBRE O ESPA\u00c7O EXPRESSA<\/a><\/p>\n\n\n\n<p>Peroni tamb\u00e9m reitera as iniciativas do Munic\u00edpio para a preserva\u00e7\u00e3o do patrim\u00f4nio ferrovi\u00e1rio. \u201cVale ressaltar que no in\u00edcio do m\u00eas a Prefeitura reabriu, ap\u00f3s revitaliza\u00e7\u00e3o completa, o Museu Ferrovi\u00e1rio e anunciou uma s\u00e9rie de investimentos e mudan\u00e7a de conceito para a ocupa\u00e7\u00e3o do Espa\u00e7o Expressa. J\u00e1 em rela\u00e7\u00e3o \u00e0s locomotivas e aos demais materiais de valor, e que s\u00e3o de interesse hist\u00f3rico e cultural, o Munic\u00edpio aguarda o parecer do \u00f3rg\u00e3o, em solicita\u00e7\u00e3o feita ao \u00f3rg\u00e3o em 2017, para poder dar melhores destina\u00e7\u00e3o e prote\u00e7\u00e3o. \u00c9 na pend\u00eancia desse parecer, por exemplo, que dependemos para poder recuperar essas locomotivas\u201d.<\/p>\n\n\n\n<p>Por se tratar de materiais pertencentes ao DNIT, o valor oriundo do leil\u00e3o \u00e9 destinado integralmente ao \u00f3rg\u00e3o federal, sem destina\u00e7\u00e3o ao Munic\u00edpio. Ap\u00f3s o leil\u00e3o, o DNIT tamb\u00e9m notificou os \u00f3rg\u00e3os competentes de preserva\u00e7\u00e3o e seguran\u00e7a, como o Minist\u00e9rio P\u00fablico e as Pol\u00edcias Militar e Civil, a fim de dar ci\u00eancia e transpar\u00eancia ao processo.<\/p>\n\n\n\n<p><strong><em>(Fonte\/Imagem: Prefeitura de Jundia\u00ed)<\/em><\/strong><\/p>\n","protected":false},"excerpt":{"rendered":"<p>Todo o material leiloado era de propriedade do DNIT, que realizou a mesma a\u00e7\u00e3o em diversos Munic\u00edpios paulistas.<\/p>\n","protected":false},"author":27,"featured_media":98994,"comment_status":"closed","ping_status":"0","sticky":false,"template":"","format":"standard","meta":{"footnotes":""},"categories":[8356],"tags":[],"class_list":["post-98993","post","type-post","status-publish","format-standard","has-post-thumbnail","hentry","category-jundiai"],"_links":{"self":[{"href":"https:\/\/tvtecjundiai.com.br\/news\/wp-json\/wp\/v2\/posts\/98993","targetHints":{"allow":["GET"]}}],"collection":[{"href":"https:\/\/tvtecjundiai.com.br\/news\/wp-json\/wp\/v2\/posts"}],"about":[{"href":"https:\/\/tvtecjundiai.com.br\/news\/wp-json\/wp\/v2\/types\/post"}],"author":[{"embeddable":true,"href":"https:\/\/tvtecjundiai.com.br\/news\/wp-json\/wp\/v2\/users\/27"}],"replies":[{"embeddable":true,"href":"https:\/\/tvtecjundiai.com.br\/news\/wp-json\/wp\/v2\/comments?post=98993"}],"version-history":[{"count":1,"href":"https:\/\/tvtecjundiai.com.br\/news\/wp-json\/wp\/v2\/posts\/98993\/revisions"}],"predecessor-version":[{"id":98995,"href":"https:\/\/tvtecjundiai.com.br\/news\/wp-json\/wp\/v2\/posts\/98993\/revisions\/98995"}],"wp:featuredmedia":[{"embeddable":true,"href":"https:\/\/tvtecjundiai.com.br\/news\/wp-json\/wp\/v2\/media\/98994"}],"wp:attachment":[{"href":"https:\/\/tvtecjundiai.com.br\/news\/wp-json\/wp\/v2\/media?parent=98993"}],"wp:term":[{"taxonomy":"category","embeddable":true,"href":"https:\/\/tvtecjundiai.com.br\/news\/wp-json\/wp\/v2\/categories?post=98993"},{"taxonomy":"post_tag","embeddable":true,"href":"https:\/\/tvtecjundiai.com.br\/news\/wp-json\/wp\/v2\/tags?post=98993"}],"curies":[{"name":"wp","href":"https:\/\/api.w.org\/{rel}","templated":true}]}}