{"id":99004,"date":"2022-09-29T09:06:00","date_gmt":"2022-09-29T12:06:00","guid":{"rendered":"https:\/\/tvtecjundiai.com.br\/news\/?p=99004"},"modified":"2022-09-29T09:06:05","modified_gmt":"2022-09-29T12:06:05","slug":"hospital-sao-vicente-promove-workshop-em-comemoracao-ao-dia-do-fisioterapeuta","status":"publish","type":"post","link":"https:\/\/tvtecjundiai.com.br\/news\/2022\/09\/29\/hospital-sao-vicente-promove-workshop-em-comemoracao-ao-dia-do-fisioterapeuta\/","title":{"rendered":"Hospital S\u00e3o Vicente promove workshop em comemora\u00e7\u00e3o ao Dia do Fisioterapeuta"},"content":{"rendered":"\n<p>Os conhecimentos na \u00e1rea de fisioterapia est\u00e3o em constante avan\u00e7o, com o surgimento de inova\u00e7\u00f5es em t\u00e9cnicas, procedimentos, medica\u00e7\u00f5es e conceitos. Portanto, \u00e9 preciso que os profissionais busquem formas de se atualizar, mantendo&nbsp;um contato cont\u00ednuo com as novidades para garantir&nbsp;um cuidado seguro e moderno para os&nbsp;<a href=\"https:\/\/blog.carcioficial.com.br\/aprenda-a-atender-o-seu-paciente-de-fisioterapia\/\" target=\"_blank\" rel=\"noreferrer noopener\">pacientes<\/a>. Nesse contexto, a participa\u00e7\u00e3o em eventos de fisioterapia \u00e9 uma das melhores formas dos profissionais fisioterapeutas trocarem conhecimentos e obterem acesso aos conte\u00fados relevantes e atualizados da \u00e1rea. Com foco na evid\u00eancia cient\u00edfica das pr\u00e1ticas de fisioterapia em \u00e2mbito hospitalar, no pr\u00f3ximo m\u00eas, o Hospital de Caridade S\u00e3o Vicente de Paulo (HSV) promove um workshop especial com objetivo de estimular os profissionais a buscarem e, consequentemente, adotarem pr\u00e1ticas que ofere\u00e7am cuidado de qualidade e humanizado aos internados, al\u00e9m de&nbsp;servir a comunidade acad\u00eamica e cient\u00edfica proporcionando debates e momentos de aprendizado sobre os temas propostos abaixo e homenagear o Dia do Fisioterapeuta, comemorado no dia 13 do pr\u00f3ximo m\u00eas.<\/p>\n\n\n\n<p>O evento ser\u00e1 realizado no dia 29 de outubro, das 8h \u00e0s 17h30, e contar\u00e1 com palestras ministradas por profissionais da equipe de fisioterapia, incluindo m\u00e9dicos, fonoaudi\u00f3logos e demais especialistas da \u00e1rea assistencial da institui\u00e7\u00e3o. Entre os temas das aulas est\u00e3o as t\u00e9cnicas de fisioterapia respirat\u00f3ria e cuidados com pacientes cr\u00edticos, t\u00e9cnicas de fonoaudiologia em pacientes traqueostomizados, monitoriza\u00e7\u00e3o neurol\u00f3gica, princ\u00edpios e indica\u00e7\u00e3o de ventila\u00e7\u00e3o mec\u00e2nica n\u00e3o invasiva, cuidados paliativos, entre outros t\u00f3picos que ser\u00e3o abordados no decorrer do encontro.<\/p>\n\n\n\n<p>O evento \u00e9 voltado para estudantes e profissionais de fisioterapia. A programa\u00e7\u00e3o tamb\u00e9m est\u00e1 aberta para o p\u00fablico externo. As palestras ser\u00e3o realizadas no anfiteatro do setor da Universidade Corporativa da institui\u00e7\u00e3o, localizado na&nbsp;rua Cel. Boaventura Mendes Pereira n\u00ba271- Vila Boaventura, Jundia\u00ed \u2013 SP. Com 50 vagas dispon\u00edveis, a taxa de inscri\u00e7\u00e3o \u00e9 de R$30,00.&nbsp;O valor arrecadado das inscri\u00e7\u00f5es ser\u00e1 revertido para o projeto &#8220;Acolha um Quarto, Conforte Vidas&#8221; da institui\u00e7\u00e3o.<\/p>\n\n\n\n<p>Inscreva-se e participe!<\/p>\n\n\n\n<figure class=\"wp-block-image size-full\"><img loading=\"lazy\" decoding=\"async\" width=\"671\" height=\"952\" src=\"https:\/\/tvtecjundiai.com.br\/news\/wp-content\/uploads\/sites\/2\/2022\/09\/image004.png\" alt=\"\" class=\"wp-image-99005\" srcset=\"https:\/\/tvtecjundiai.com.br\/news\/wp-content\/uploads\/sites\/2\/2022\/09\/image004.png 671w, https:\/\/tvtecjundiai.com.br\/news\/wp-content\/uploads\/sites\/2\/2022\/09\/image004-300x426.png 300w\" sizes=\"auto, (max-width: 671px) 100vw, 671px\" \/><\/figure>\n\n\n\n<p><strong><em>(Fonte\/Imagem: Hospital S\u00e3o Vicente)<\/em><\/strong><\/p>\n","protected":false},"excerpt":{"rendered":"<p>O evento ser\u00e1 realizado no dia 29 de outubro, das 8h \u00e0s 17h30.<\/p>\n","protected":false},"author":27,"featured_media":69613,"comment_status":"closed","ping_status":"0","sticky":false,"template":"","format":"standard","meta":{"footnotes":""},"categories":[8356],"tags":[],"class_list":["post-99004","post","type-post","status-publish","format-standard","has-post-thumbnail","hentry","category-jundiai"],"_links":{"self":[{"href":"https:\/\/tvtecjundiai.com.br\/news\/wp-json\/wp\/v2\/posts\/99004","targetHints":{"allow":["GET"]}}],"collection":[{"href":"https:\/\/tvtecjundiai.com.br\/news\/wp-json\/wp\/v2\/posts"}],"about":[{"href":"https:\/\/tvtecjundiai.com.br\/news\/wp-json\/wp\/v2\/types\/post"}],"author":[{"embeddable":true,"href":"https:\/\/tvtecjundiai.com.br\/news\/wp-json\/wp\/v2\/users\/27"}],"replies":[{"embeddable":true,"href":"https:\/\/tvtecjundiai.com.br\/news\/wp-json\/wp\/v2\/comments?post=99004"}],"version-history":[{"count":1,"href":"https:\/\/tvtecjundiai.com.br\/news\/wp-json\/wp\/v2\/posts\/99004\/revisions"}],"predecessor-version":[{"id":99006,"href":"https:\/\/tvtecjundiai.com.br\/news\/wp-json\/wp\/v2\/posts\/99004\/revisions\/99006"}],"wp:featuredmedia":[{"embeddable":true,"href":"https:\/\/tvtecjundiai.com.br\/news\/wp-json\/wp\/v2\/media\/69613"}],"wp:attachment":[{"href":"https:\/\/tvtecjundiai.com.br\/news\/wp-json\/wp\/v2\/media?parent=99004"}],"wp:term":[{"taxonomy":"category","embeddable":true,"href":"https:\/\/tvtecjundiai.com.br\/news\/wp-json\/wp\/v2\/categories?post=99004"},{"taxonomy":"post_tag","embeddable":true,"href":"https:\/\/tvtecjundiai.com.br\/news\/wp-json\/wp\/v2\/tags?post=99004"}],"curies":[{"name":"wp","href":"https:\/\/api.w.org\/{rel}","templated":true}]}}