{"id":99039,"date":"2022-09-29T16:40:00","date_gmt":"2022-09-29T19:40:00","guid":{"rendered":"https:\/\/tvtecjundiai.com.br\/news\/?p=99039"},"modified":"2022-09-29T16:40:05","modified_gmt":"2022-09-29T19:40:05","slug":"as-vesperas-da-etapa-nacional-jundiai-e-ouro-em-diferentes-modalidades-das-special-olympics","status":"publish","type":"post","link":"https:\/\/tvtecjundiai.com.br\/news\/2022\/09\/29\/as-vesperas-da-etapa-nacional-jundiai-e-ouro-em-diferentes-modalidades-das-special-olympics\/","title":{"rendered":"\u00c0s v\u00e9speras da etapa nacional, Jundia\u00ed \u00e9 ouro em diferentes modalidades das Special Olympics"},"content":{"rendered":"\n<p>Em prepara\u00e7\u00e3o para a etapa nacional da Special Olympics, que acontece em Jundia\u00ed em novembro, atletas do Programa de Esportes e Atividades Motoras Adaptadas (PEAMA) de Jundia\u00ed participaram da etapa de Guaratinguet\u00e1 dos Jogos Estaduais das Olimp\u00edadas Especiais Brasil (Special Olympics), e voltaram com resultados expressivos. Jundia\u00ed teve a maior delega\u00e7\u00e3o desta fase do torneio e conquistou t\u00edtulos na gin\u00e1stica, nata\u00e7\u00e3o e no t\u00eanis, al\u00e9m de outros \u00f3timos resultados.<\/p>\n\n\n\n<p>No total, foram 22 atletas classificados em 7 modalidades diferentes, al\u00e9m de 9 treinadores que tamb\u00e9m estiveram presentes. O destaque do masculino ficou por conta de atletas como Mateus Pereira, ouro na Nata\u00e7\u00e3o nos 50m costas e nos 50m borboleta, e de Ruy Carneiro, campe\u00e3o do t\u00eanis de campo individual, categoria Bola Amarela, e campe\u00e3o nas duplas ao lado do parceiro Leonardo Loschi. J\u00e1 na categoria Bola Verde, o t\u00edtulo veio com o atleta Daniel Mafra.<\/p>\n\n\n\n<figure class=\"wp-block-image\"><img decoding=\"async\" src=\"https:\/\/jundiai.sp.gov.br\/noticias\/wp-content\/uploads\/sites\/32\/2022\/09\/img-20220919-wa0091-1280x960.jpg\" alt=\"Na quadra de t\u00eanis, elega\u00e7\u00e3o jundiaiense conquista excelentes resultados na Special Olympics\" class=\"wp-image-302487\" \/><figcaption>Delega\u00e7\u00e3o jundiaiense conquista excelentes resultados na Special Olympics<\/figcaption><\/figure>\n\n\n\n<p>J\u00e1 no feminino, a Gin\u00e1stica R\u00edtmica trouxe mais dois ouros para Jundia\u00ed: a atleta Camila Tamara Rosolem sagrou-se campe\u00e3 nos aparelhos corda e bola n\u00edvel 1. Camila tem 36 anos e est\u00e1 com o PEAMA desde in\u00edcio do projeto da gin\u00e1stica, em 2018. Ela tamb\u00e9m realiza apresenta\u00e7\u00f5es de dan\u00e7a com outros alunos. \u201cO que eu mais gostei foi de ter ganhado as medalhas. Isso serviu de incentivo pra eu querer treinar cada vez mais e sempre participar das competi\u00e7\u00f5es, mesmo em outras cidades\u201d, conta.<\/p>\n\n\n\n<p>Na nata\u00e7\u00e3o, Raquel Falcade, de 14 anos, foi ouro nos 25m nado livre e prata no nado costas. A atleta tamb\u00e9m faz parte da equipe de gin\u00e1stica de Jundia\u00ed, mas teve que optar pela nata\u00e7\u00e3o, j\u00e1 que s\u00f3 \u00e9 permitido que cada atleta participe de uma modalidade. \u201cDe quarta-feira eu fa\u00e7o a nata\u00e7\u00e3o e depois venho direto para a turma de gin\u00e1stica. \u00c9 bastante corrido, mas eu nunca perco as aulas, mesmo com chuva\u201d, comenta. \u201cFoi muito legal ter viajado com a equipe. Foi a primeira vez que viajei assim, sozinha e para competir. Agora estamos ansiosas para disputar aqui em Jundia\u00ed no final do ano\u201d, completa.<\/p>\n\n\n\n<p>\u201cEstamos muito orgulhosos dos nossos atletas que participaram da fase estadual do Special Olympics e trouxeram muitas medalhas e resultados expressivos para o munic\u00edpio. A Prefeitura de Jundia\u00ed, atrav\u00e9s da Unidade de Gest\u00e3o de Esporte e Lazer (UGEL), incentiva, fomenta e investe na pr\u00e1tica dos esportes ol\u00edmpicos e paral\u00edmpicos, sobretudo nas pr\u00e1ticas de inclus\u00e3o\u201d, comenta o gestor da UGEL, Lu\u00eds Cl\u00e1udio Tarallo.<\/p>\n\n\n\n<figure class=\"wp-block-image\"><img decoding=\"async\" src=\"https:\/\/jundiai.sp.gov.br\/noticias\/wp-content\/uploads\/sites\/32\/2022\/09\/ginastica-peama_fm_-48-1.jpg\" alt=\"Camila e Raquel treinam juntas no CECE Benedito de Lima\" class=\"wp-image-302491\" \/><figcaption>Camila e Raquel treinam juntas no CECE Benedito de Lima<\/figcaption><\/figure>\n\n\n\n<p><strong>Gin\u00e1stica R\u00edtmica Unificada<\/strong><\/p>\n\n\n\n<p>A Unidade de Gest\u00e3o de Esporte e Lazer (UGEL) promove, \u00e0s quartas-feiras no CECE Benedito de Lima, aulas de Gin\u00e1stica R\u00edtmica Unificada. O objetivo do projeto \u00e9 unir as atletas do TIME-Jundia\u00ed com as alunas do PEAMA, em uma aula conjunta, para que todas possam interagir, trocar experi\u00eancias e, \u00e9 claro, evolu\u00edrem juntas na modalidade.<\/p>\n\n\n\n<p>\u201cAs aulas s\u00e3o muito construtivas, tanto para n\u00f3s professoras e treinadores, quanto para as atletas, pois todas n\u00f3s aprendemos muito umas com as outras. Com essa uni\u00e3o e intera\u00e7\u00e3o conseguimos acabar com paradigmas e a dist\u00e2ncia que existia entre as atletas do TIME-Jundia\u00ed e as alunas do PEAMA. Hoje, as meninas do PEAMA n\u00e3o pensam mais que as atletas de competi\u00e7\u00e3o vivem em outra realidade, que s\u00e3o melhores ou algo do tipo. Muito pelo contr\u00e1rio. O que presenciamos \u00e9 muita amizade, companheirismo e, principalmente, aceita\u00e7\u00e3o das diferen\u00e7as entre elas\u201d, comenta a t\u00e9cnica da Gin\u00e1stica R\u00edtmica, Bianca Alencar.<\/p>\n\n\n\n<p>\u201cTemos o exemplo da Camilinha, que \u00e9 bastante participativa, se supera muito a cada dia e teve excelentes resultados nas \u00faltimas Special Olympics. Nossa maior realiza\u00e7\u00e3o \u00e9 v\u00ea-las felizes e promover a supera\u00e7\u00e3o a cada dia. Para n\u00f3s, treinadoras, \u00e9 sempre uma grande responsabilidade. Muitas vezes temos de fazer o papel de pai e m\u00e3e para elas, mas os jogos foram um momento maravilhoso, desafiador para os atletas e de muita supera\u00e7\u00e3o\u201d, completa Bianca.<\/p>\n\n\n\n<figure class=\"wp-block-image\"><img decoding=\"async\" src=\"https:\/\/jundiai.sp.gov.br\/noticias\/wp-content\/uploads\/sites\/32\/2022\/09\/ginastica-peama_fm_-42-1.jpg\" alt=\"Foto geral das alunas do PEAMA e atletas do TIME-Jundia\u00ed que treinam juntas na Gin\u00e1stica R\u00edtmica Unificada\" class=\"wp-image-302492\" \/><figcaption>Alunas do PEAMA e atletas do TIME-Jundia\u00ed treinam juntas na Gin\u00e1stica R\u00edtmica Unificada<\/figcaption><\/figure>\n\n\n\n<p><strong><em>(Fonte\/Imagem: Prefeitura de Jundia\u00ed)<\/em><\/strong><\/p>\n\n\n\n<p><\/p>\n","protected":false},"excerpt":{"rendered":"<p>No total, foram 22 atletas classificados em 7 modalidades diferentes, al\u00e9m de 9 treinadores que tamb\u00e9m estiveram presentes.<\/p>\n","protected":false},"author":27,"featured_media":99040,"comment_status":"closed","ping_status":"0","sticky":false,"template":"","format":"standard","meta":{"footnotes":""},"categories":[2827,5706,8356],"tags":[],"class_list":["post-99039","post","type-post","status-publish","format-standard","has-post-thumbnail","hentry","category-esportes-e-lazer","category-inclusao","category-jundiai"],"_links":{"self":[{"href":"https:\/\/tvtecjundiai.com.br\/news\/wp-json\/wp\/v2\/posts\/99039","targetHints":{"allow":["GET"]}}],"collection":[{"href":"https:\/\/tvtecjundiai.com.br\/news\/wp-json\/wp\/v2\/posts"}],"about":[{"href":"https:\/\/tvtecjundiai.com.br\/news\/wp-json\/wp\/v2\/types\/post"}],"author":[{"embeddable":true,"href":"https:\/\/tvtecjundiai.com.br\/news\/wp-json\/wp\/v2\/users\/27"}],"replies":[{"embeddable":true,"href":"https:\/\/tvtecjundiai.com.br\/news\/wp-json\/wp\/v2\/comments?post=99039"}],"version-history":[{"count":1,"href":"https:\/\/tvtecjundiai.com.br\/news\/wp-json\/wp\/v2\/posts\/99039\/revisions"}],"predecessor-version":[{"id":99041,"href":"https:\/\/tvtecjundiai.com.br\/news\/wp-json\/wp\/v2\/posts\/99039\/revisions\/99041"}],"wp:featuredmedia":[{"embeddable":true,"href":"https:\/\/tvtecjundiai.com.br\/news\/wp-json\/wp\/v2\/media\/99040"}],"wp:attachment":[{"href":"https:\/\/tvtecjundiai.com.br\/news\/wp-json\/wp\/v2\/media?parent=99039"}],"wp:term":[{"taxonomy":"category","embeddable":true,"href":"https:\/\/tvtecjundiai.com.br\/news\/wp-json\/wp\/v2\/categories?post=99039"},{"taxonomy":"post_tag","embeddable":true,"href":"https:\/\/tvtecjundiai.com.br\/news\/wp-json\/wp\/v2\/tags?post=99039"}],"curies":[{"name":"wp","href":"https:\/\/api.w.org\/{rel}","templated":true}]}}