{"id":99046,"date":"2022-09-29T17:32:45","date_gmt":"2022-09-29T20:32:45","guid":{"rendered":"https:\/\/tvtecjundiai.com.br\/news\/?p=99046"},"modified":"2022-09-29T17:32:48","modified_gmt":"2022-09-29T20:32:48","slug":"apos-chuvas-jundiai-entre-em-estado-de-atencao","status":"publish","type":"post","link":"https:\/\/tvtecjundiai.com.br\/news\/2022\/09\/29\/apos-chuvas-jundiai-entre-em-estado-de-atencao\/","title":{"rendered":"Ap\u00f3s chuvas, Jundia\u00ed entre em Estado de Aten\u00e7\u00e3o"},"content":{"rendered":"\n<p>A Defesa Civil de Jundia\u00ed informa que, nas \u00faltimas 72 horas, foram registradas chuvas em toda Regi\u00e3o Metropolitana de Jundia\u00ed (RMJ), com momentos de chuvas mais severas registradas nos pluvi\u00f4metros da cidade. As marca\u00e7\u00f5es indicam 91 mm Fazenda Grande, 80 mm Santa Gertrudes, 63 mm Roseira, 59 mm no Rio Jundia\u00ed e 59 mm no Jardim Florestal. Sendo assim, o munic\u00edpio de Jundia\u00ed encontra-se em ESTADO DE ATEN\u00c7\u00c3O.<\/p>\n\n\n\n<p>At\u00e9 s\u00e1bado (01) h\u00e1 previs\u00e3o de chuvas fortes e cont\u00ednuas, seguidas de raios, ventos e em algumas regi\u00f5es, granizo, com destaque para as regi\u00f5es da baixada santista, Vale do Para\u00edba e Litoral norte com previs\u00e3o de 200 mm de acumulada de chuvas. J\u00e1 para a regi\u00e3o de Campinas e da Regi\u00e3o Metropolitana de Jundia\u00ed, h\u00e1 previs\u00e3o de 90 mm, de acumulado de chuvas at\u00e9 s\u00e1bado. Os modelos meteorol\u00f3gicos indicam que as temperaturas tendem a se manter mais amenas e em alguns per\u00edodos o aumento da sensa\u00e7\u00e3o de frio. Como haver\u00e1 uma maior quantidade de \u00e1gua dispon\u00edvel na atmosfera o \u00edndice para inc\u00eandio estar\u00e1 baixo, porque a Umidade Relativa do Ar esta alta.<\/p>\n\n\n\n<p>Diante deste cen\u00e1rio recomenda-se aten\u00e7\u00e3o especial as \u00e1reas mais vulner\u00e1veis. Recomenda-se que os motoristas mantenham cuidado no tr\u00e2nsito, que as pessoas evitem locais de alagamento ou enxurradas e que permane\u00e7am abrigadas e protegidas durante as chuvas. Em caso de fortes chuvas acompanhadas de rajadas de vento, n\u00e3o se abriguem debaixo de \u00e1rvores, pois h\u00e1 risco de queda e descargas el\u00e9tricas e n\u00e3o estacionem ve\u00edculos pr\u00f3ximos a torres de transmiss\u00e3o e placas de propaganda. Evite usar aparelhos eletr\u00f4nicos ligados \u00e0 tomada.<\/p>\n\n\n\n<figure class=\"wp-block-image\"><img decoding=\"async\" src=\"https:\/\/jundiai.sp.gov.br\/noticias\/wp-content\/uploads\/sites\/32\/2020\/02\/chuva_jundiai-1.jpg\" alt=\"Foto geral a\u00e9rea de Jundia\u00ed debaixo de nuvens carregadas\" class=\"wp-image-244323\" \/><figcaption>Jundia\u00ed passa por onda de chuvas e liga o estado de aten\u00e7\u00e3o<\/figcaption><\/figure>\n\n\n\n<p><strong>Ocorr\u00eancias<\/strong><\/p>\n\n\n\n<p>Por ocasi\u00e3o das chuvas intermitentes que atingiram a cidade na desde a tarde de quarta-feira (28), a Prefeitura de Jundia\u00ed atuou rapidamente para reduzir os danos. Os \u00f3rg\u00e3os que comp\u00f5em a For\u00e7a Tarefa estiveram em diversos pontos da cidade garantindo o bem-estar da popula\u00e7\u00e3o.<\/p>\n\n\n\n<p>Na Avenida Ant\u00f4nio Segre, esquina com a Rua Maria Augusta Traldi, por ocasi\u00e3o da queda de uma \u00e1rvore de grande porte, que estava dentro de uma propriedade, dois postes foram danificados e houve interrup\u00e7\u00e3o da energia el\u00e9trica e no tr\u00e2nsito. Durante a noite e madrugada, as equipes do Departamento de Parques e Jardins respons\u00e1veis pelas podas e supress\u00e3o de \u00e1rvores da Unidade de Gest\u00e3o de Infraestrutura e Servi\u00e7os p\u00fablicos (UGISP), estiveram trabalhando com motosserras e equipamentos.<\/p>\n\n\n\n<p>As equipes da Unidade de Gest\u00e3o de Mobilidade e Transporte (UGMT) elaboraram todas as altera\u00e7\u00f5es de tr\u00e2nsito e mudan\u00e7as de algumas rotas de \u00f4nibus, e as equipes da CPFL trabalharam intensivamente at\u00e9 as 4h40, quando foi restabelecida a energia na regi\u00e3o afetada. Todas as \u00e1reas atingidas receberam atendimento e restabelecimento da normalidade comprovando a resili\u00eancia da cidade de Jundia\u00ed.<\/p>\n\n\n\n<p><strong>ALERTA DEFESA CIVIL:<\/strong>\u00a0Todo mun\u00edcipe pode cadastrar seu celular, gratuitamente, para receber alertas meteorol\u00f3gicos da Defesa Civil via SMS. Os interessados devem enviar um SMS para o n\u00famero 40199 com C\u00f3digo de Endere\u00e7amento Postal (CEP) de interesse.<\/p>\n\n\n\n<p><\/p>\n\n\n\n<p>Fonte \/ Imagem: Prefeitura de Jundia\u00ed <\/p>\n","protected":false},"excerpt":{"rendered":"<p>Como haver\u00e1 uma maior quantidade de \u00e1gua dispon\u00edvel na atmosfera o \u00edndice para inc\u00eandio estar\u00e1 baixo<\/p>\n","protected":false},"author":24,"featured_media":99047,"comment_status":"closed","ping_status":"0","sticky":false,"template":"","format":"standard","meta":{"footnotes":""},"categories":[8356],"tags":[],"class_list":["post-99046","post","type-post","status-publish","format-standard","has-post-thumbnail","hentry","category-jundiai"],"_links":{"self":[{"href":"https:\/\/tvtecjundiai.com.br\/news\/wp-json\/wp\/v2\/posts\/99046","targetHints":{"allow":["GET"]}}],"collection":[{"href":"https:\/\/tvtecjundiai.com.br\/news\/wp-json\/wp\/v2\/posts"}],"about":[{"href":"https:\/\/tvtecjundiai.com.br\/news\/wp-json\/wp\/v2\/types\/post"}],"author":[{"embeddable":true,"href":"https:\/\/tvtecjundiai.com.br\/news\/wp-json\/wp\/v2\/users\/24"}],"replies":[{"embeddable":true,"href":"https:\/\/tvtecjundiai.com.br\/news\/wp-json\/wp\/v2\/comments?post=99046"}],"version-history":[{"count":1,"href":"https:\/\/tvtecjundiai.com.br\/news\/wp-json\/wp\/v2\/posts\/99046\/revisions"}],"predecessor-version":[{"id":99050,"href":"https:\/\/tvtecjundiai.com.br\/news\/wp-json\/wp\/v2\/posts\/99046\/revisions\/99050"}],"wp:featuredmedia":[{"embeddable":true,"href":"https:\/\/tvtecjundiai.com.br\/news\/wp-json\/wp\/v2\/media\/99047"}],"wp:attachment":[{"href":"https:\/\/tvtecjundiai.com.br\/news\/wp-json\/wp\/v2\/media?parent=99046"}],"wp:term":[{"taxonomy":"category","embeddable":true,"href":"https:\/\/tvtecjundiai.com.br\/news\/wp-json\/wp\/v2\/categories?post=99046"},{"taxonomy":"post_tag","embeddable":true,"href":"https:\/\/tvtecjundiai.com.br\/news\/wp-json\/wp\/v2\/tags?post=99046"}],"curies":[{"name":"wp","href":"https:\/\/api.w.org\/{rel}","templated":true}]}}