{"id":99089,"date":"2022-09-30T14:47:15","date_gmt":"2022-09-30T17:47:15","guid":{"rendered":"https:\/\/tvtecjundiai.com.br\/news\/?p=99089"},"modified":"2022-09-30T14:47:16","modified_gmt":"2022-09-30T17:47:16","slug":"espaco-jundiai-empreendedora-tera-palestra-gratuita-sobre-boas-praticas-de-gestao-para-empreendedores","status":"publish","type":"post","link":"https:\/\/tvtecjundiai.com.br\/news\/2022\/09\/30\/espaco-jundiai-empreendedora-tera-palestra-gratuita-sobre-boas-praticas-de-gestao-para-empreendedores\/","title":{"rendered":"Espa\u00e7o Jundia\u00ed Empreendedora ter\u00e1 palestra gratuita sobre boas pr\u00e1ticas de gest\u00e3o para empreendedores"},"content":{"rendered":"\n<p>O Espa\u00e7o Jundia\u00ed Empreendedora sedia na ter\u00e7a-feira (4), \u00e0s 19h, a palestra gratuita: &#8220;Empreende e ganha pouco? Voc\u00ea sabe onde est\u00e1 errando?&#8221;<\/p>\n\n\n\n<p>A palestra tem o intuito de conscientiza\u00e7\u00e3o para boas pr\u00e1ticas de Gest\u00e3o e ser\u00e1 ministrada por Evian Valli de Aguiar e Tha\u00eds Cavalcante, da empresa Aleph Consultoria em Gest\u00e3o Organizacional, que oferece atendimentos exclusivamente voltados para pequenos neg\u00f3cios.<\/p>\n\n\n\n<p>A a\u00e7\u00e3o \u00e9 destinada aos empreendedores da cidade, que receber\u00e3o orienta\u00e7\u00f5es quanto aos erros comuns realizados por pequenos empreendedores, al\u00e9m de despertar a import\u00e2ncia de aplicar as boas pr\u00e1ticas de gest\u00e3o para ter retorno financeiro.<\/p>\n\n\n<div class=\"wp-block-image\">\n<figure class=\"aligncenter size-large is-resized\"><img loading=\"lazy\" decoding=\"async\" src=\"https:\/\/tvtecjundiai.com.br\/news\/wp-content\/uploads\/sites\/2\/2022\/09\/atendimentos_jundiai_empreendedora-85-1200x800.jpg\" alt=\"\" class=\"wp-image-99090\" width=\"676\" height=\"451\" srcset=\"https:\/\/tvtecjundiai.com.br\/news\/wp-content\/uploads\/sites\/2\/2022\/09\/atendimentos_jundiai_empreendedora-85-1200x800.jpg 1200w, https:\/\/tvtecjundiai.com.br\/news\/wp-content\/uploads\/sites\/2\/2022\/09\/atendimentos_jundiai_empreendedora-85-300x200.jpg 300w, https:\/\/tvtecjundiai.com.br\/news\/wp-content\/uploads\/sites\/2\/2022\/09\/atendimentos_jundiai_empreendedora-85-768x512.jpg 768w, https:\/\/tvtecjundiai.com.br\/news\/wp-content\/uploads\/sites\/2\/2022\/09\/atendimentos_jundiai_empreendedora-85.jpg 1280w\" sizes=\"auto, (max-width: 676px) 100vw, 676px\" \/><\/figure>\n<\/div>\n\n\n<p>S\u00e3o apenas 32 vagas e as confirma\u00e7\u00f5es de participa\u00e7\u00e3o ser\u00e3o realizadas de acordo com a sequ\u00eancia de inscritos e confirma\u00e7\u00e3o de participa\u00e7\u00e3o que ser\u00e3o realizados at\u00e9 a data da palestra.\u00a0 As inscri\u00e7\u00f5es podem ser feitas pelo\u00a0<strong><a href=\"https:\/\/docs.google.com\/forms\/d\/e\/1FAIpQLSdWxI2wnz5wdxYYC83dLGnd674RWlkQmKw9eDieibVTkjlmXA\/viewform\">link<\/a><\/strong>.<\/p>\n\n\n\n<p>O Espa\u00e7o Jundia\u00ed Empreendedora fica no Maxi Shopping Jundia\u00ed \u2013 Piso G3 \u2013 Ala Oeste, Av. Ant\u00f4nio Frederico Ozanan, 6000.<\/p>\n\n\n\n<p><em><strong>(Fonte\/Imagem: Prefeitura de Jundia\u00ed)<\/strong><\/em><\/p>\n","protected":false},"excerpt":{"rendered":"<p>Palestra gratuita &#8220;Empreende e ganha pouco? Voc\u00ea sabe onde est\u00e1 errando?&#8221; acontece na ter\u00e7a-feira (4)<\/p>\n","protected":false},"author":30,"featured_media":99090,"comment_status":"closed","ping_status":"0","sticky":false,"template":"","format":"standard","meta":{"footnotes":""},"categories":[8362,8356,1],"tags":[],"class_list":["post-99089","post","type-post","status-publish","format-standard","has-post-thumbnail","hentry","category-empreendedorismo","category-jundiai","category-noticias"],"_links":{"self":[{"href":"https:\/\/tvtecjundiai.com.br\/news\/wp-json\/wp\/v2\/posts\/99089","targetHints":{"allow":["GET"]}}],"collection":[{"href":"https:\/\/tvtecjundiai.com.br\/news\/wp-json\/wp\/v2\/posts"}],"about":[{"href":"https:\/\/tvtecjundiai.com.br\/news\/wp-json\/wp\/v2\/types\/post"}],"author":[{"embeddable":true,"href":"https:\/\/tvtecjundiai.com.br\/news\/wp-json\/wp\/v2\/users\/30"}],"replies":[{"embeddable":true,"href":"https:\/\/tvtecjundiai.com.br\/news\/wp-json\/wp\/v2\/comments?post=99089"}],"version-history":[{"count":1,"href":"https:\/\/tvtecjundiai.com.br\/news\/wp-json\/wp\/v2\/posts\/99089\/revisions"}],"predecessor-version":[{"id":99091,"href":"https:\/\/tvtecjundiai.com.br\/news\/wp-json\/wp\/v2\/posts\/99089\/revisions\/99091"}],"wp:featuredmedia":[{"embeddable":true,"href":"https:\/\/tvtecjundiai.com.br\/news\/wp-json\/wp\/v2\/media\/99090"}],"wp:attachment":[{"href":"https:\/\/tvtecjundiai.com.br\/news\/wp-json\/wp\/v2\/media?parent=99089"}],"wp:term":[{"taxonomy":"category","embeddable":true,"href":"https:\/\/tvtecjundiai.com.br\/news\/wp-json\/wp\/v2\/categories?post=99089"},{"taxonomy":"post_tag","embeddable":true,"href":"https:\/\/tvtecjundiai.com.br\/news\/wp-json\/wp\/v2\/tags?post=99089"}],"curies":[{"name":"wp","href":"https:\/\/api.w.org\/{rel}","templated":true}]}}