{"id":99102,"date":"2022-10-01T12:40:34","date_gmt":"2022-10-01T15:40:34","guid":{"rendered":"https:\/\/tvtecjundiai.com.br\/news\/?p=99102"},"modified":"2022-10-01T12:40:38","modified_gmt":"2022-10-01T15:40:38","slug":"jundiai-inova-e-tera-primeiro-bairro-amigavel-a-primeira-infancia","status":"publish","type":"post","link":"https:\/\/tvtecjundiai.com.br\/news\/2022\/10\/01\/jundiai-inova-e-tera-primeiro-bairro-amigavel-a-primeira-infancia\/","title":{"rendered":"Jundia\u00ed inova e ter\u00e1 primeiro Bairro Amig\u00e1vel \u00e0 Primeira Inf\u00e2ncia"},"content":{"rendered":"\n<h2 class=\"wp-block-heading\"><\/h2>\n\n\n\n<p>Um bairro seguro, verde, livre, acess\u00edvel, l\u00fadico e inclusivo. Esse \u00e9 maior desejo das crian\u00e7as que moram no Jardim Novo Horizonte. Com essas indica\u00e7\u00f5es, a Unidade de Gest\u00e3o de Planejamento e Meio Ambiente (UGPUMA) da Prefeitura de Jundia\u00ed, desenvolve o conceito de Bairros Amig\u00e1veis \u00e0 Primeira Inf\u00e2ncia (BAPI) do pa\u00eds. O Novo Horizonte ser\u00e1 um dos primeiros bairros do pa\u00eds a primar pelas caracter\u00edsticas, que fazem parte do Plano de Bairro do local, aprovado recentemente.<\/p>\n\n\n\n<p>Pr\u00e1tica recorrente em Jundia\u00ed, Cidade das Crian\u00e7as, o projeto foi desenvolvido com base na escuta dos pequenos, seus cuidadores e os conceitos da Pol\u00edtica de Primeira Inf\u00e2ncia. Foram eles que indicaram quais pontos devem ser melhorados no bairro como a amplia\u00e7\u00e3o da arboriza\u00e7\u00e3o nas vias para estimular a caminhada pelo bairro. A iniciativa faz parte das redes Urban95 e Rede Latino-Americana \u2013 Cidade das Crian\u00e7as.&nbsp;<\/p>\n\n\n\n<p>O Arthur Lucas Sena Marra, de 13 anos, fez parte do Comit\u00ea das Crian\u00e7as para sugerir melhorias ao Novo Horizonte. Ele conta que a experi\u00eancia foi excelente, pois todos puderam trazer a vis\u00e3o do que sentiam falta. \u201cO P\u00e9 de \u00c1rvore, com mais mudas de \u00e1rvores no nosso bairro, j\u00e1 conseguimos avan\u00e7ar na qualidade. Essa e outras a\u00e7\u00f5es tornam o bairro um lugar mais gostoso e leva mais crian\u00e7as \u00e0s ruas\u201d, contou o garoto.<\/p>\n\n\n\n<figure class=\"wp-block-image\"><img decoding=\"async\" src=\"https:\/\/jundiai.sp.gov.br\/noticias\/wp-content\/uploads\/sites\/32\/2022\/09\/materia-especial-bapi_fm_-5.jpg\" alt=\"\" class=\"wp-image-302609\" \/><figcaption><strong>Arthur Lucas Sena Marra foi um dos integrantes do Comit\u00ea das Crian\u00e7as que solicitou mais \u00e1rvores no bairro<\/strong><\/figcaption><\/figure>\n\n\n\n<p>\u201cJundia\u00ed \u00e9 uma cidade que trata a pol\u00edtica p\u00fablica das crian\u00e7as como prioridade. Os investimentos na Primeira Inf\u00e2ncia s\u00e3o feitos no sentido de dar mais qualidade de vida e fornecer est\u00edmulos para que elas possam se desenvolver em todas as \u00e1reas. A longo prazo, os efeitos desses investimentos poder\u00e3o ser vistos com a quebra do ciclo da pobreza e a redu\u00e7\u00e3o da desigualdade social em nosso munic\u00edpio\u201d, explica o Prefeito Luiz Fernando Machado.<\/p>\n\n\n\n<p>Um dos principais pedidos das crian\u00e7as ao longo do desenvolvimento do Plano de Bairro do Novo Horizonte, iniciado em 2020, foi o plantio de \u00e1rvores, pois assim haver\u00e1 caminhos com sombra para que elas possam caminhar at\u00e9 a escola e brincar. \u201cEssa a\u00e7\u00e3o j\u00e1 teve in\u00edcio. Al\u00e9m disso, terrenos p\u00fablicos obsoletos est\u00e3o sendo transformados em hortas e parques naturalizados para que elas possam brincar\u201d, conta o gestor da UGPUMA, Sin\u00e9sio Scarabello Filho. \u201cAos poucos vamos criando o percurso da inf\u00e2ncia, que liga escolas e centros esportivos para que elas possam brincar e aprender enquanto caminham\u201d, completa.<\/p>\n\n\n\n<figure class=\"wp-block-image\"><img decoding=\"async\" src=\"https:\/\/jundiai.sp.gov.br\/noticias\/wp-content\/uploads\/sites\/32\/2022\/09\/materia-especial-bapi_fm_-19.jpg\" alt=\"\" class=\"wp-image-302612\" \/><figcaption>Crian\u00e7as do Jardim Novo Horizonte ir\u00e3o brincar em um bairro seguro, verde, livre, acess\u00edvel e inclusivo<\/figcaption><\/figure>\n\n\n\n<p>Quem aprovou o plantio foi o garoto Eduardo Ryan dos Santos, de 11 anos. Acostumado a jogar bola na rua e ir a p\u00e9 \u00e0 escola, o estudante da EMEB Beatriz Blatner Pupo afirma que o bairro fica mais bonito. \u201cAl\u00e9m de bonito, as \u00e1rvores ajudam no meio ambiente. O bairro est\u00e1 ficando cada vez melhor e brincar na rua ainda mais gostoso\u201d, diz.<\/p>\n\n\n\n<p>A execu\u00e7\u00e3o das outras obras ser\u00e1 determinada pela disponibilidade financeira e determinada pelas Leis Or\u00e7ament\u00e1rias, al\u00e9m das oportunidades aproveitadas pelas contrapartidas dos Estudos de Impacto de Vizinhan\u00e7a.<\/p>\n\n\n\n<p>\u201cEste \u00e9 um projeto inovador e de longo prazo. Com planejamento, temos feito diversos investimentos para melhorar a qualidade de vida das pessoas, principalmente das crian\u00e7as. Queremos Jundia\u00ed mais sustent\u00e1vel, com preocupa\u00e7\u00e3o com o meio ambiente e menos a\u00e7\u00e3o do efeito estufa. Assim tornamos a cidade mais confort\u00e1vel para as crian\u00e7as, pois uma cidade boa para as crian\u00e7as \u00e9 uma cidade boa para todos\u201d, avalia o Gestor de Governo e Finan\u00e7as, Jos\u00e9 Antonio Parimoschi.<\/p>\n\n\n\n<p><strong>Plano de Bairro<\/strong><\/p>\n\n\n\n<p>O Plano de Bairro \u00e9 um instrumento do planejamento previsto no art. 7\u00b0 do Plano Diretor. A prioridade \u00e9 desenvolver o projeto em bairros perif\u00e9ricos, com \u00e1reas vazias e possibilidade de expans\u00e3o. A partir disso, s\u00e3o realizados estudos das equipes t\u00e9cnicas da Prefeitura e, em conjunto com a popula\u00e7\u00e3o, as a\u00e7\u00f5es a serem feitas s\u00e3o definidas. A escolha do pr\u00f3ximo bairro ser\u00e1 feita pelo governo, em parceria com o Conselho Municipal de Pol\u00edtica Territorial.<\/p>\n\n\n\n<p>O Plano de Bairro \u00e9 uma realidade e uma tend\u00eancia no mundo. Na Am\u00e9rica do Sul, cidades como S\u00e3o Paulo, Salvador, Buenos Aires e Medell\u00edn j\u00e1 apresentam planejamentos como este.<\/p>\n\n\n\n<p><em>Fonte: Prefeitura de Jundia\u00ed<\/em><\/p>\n","protected":false},"excerpt":{"rendered":"<p>A iniciativa faz parte das redes Urban95 e Rede Latino-Americana \u2013 Cidade das Crian\u00e7as\u00a0<\/p>\n","protected":false},"author":24,"featured_media":99103,"comment_status":"closed","ping_status":"0","sticky":false,"template":"","format":"standard","meta":{"footnotes":""},"categories":[8392,2828,3076,8357,5706,8356,8354,1],"tags":[],"class_list":["post-99102","post","type-post","status-publish","format-standard","has-post-thumbnail","hentry","category-assistencia-social","category-educacao","category-entretenimento","category-gestao","category-inclusao","category-jundiai","category-lazer","category-noticias"],"_links":{"self":[{"href":"https:\/\/tvtecjundiai.com.br\/news\/wp-json\/wp\/v2\/posts\/99102","targetHints":{"allow":["GET"]}}],"collection":[{"href":"https:\/\/tvtecjundiai.com.br\/news\/wp-json\/wp\/v2\/posts"}],"about":[{"href":"https:\/\/tvtecjundiai.com.br\/news\/wp-json\/wp\/v2\/types\/post"}],"author":[{"embeddable":true,"href":"https:\/\/tvtecjundiai.com.br\/news\/wp-json\/wp\/v2\/users\/24"}],"replies":[{"embeddable":true,"href":"https:\/\/tvtecjundiai.com.br\/news\/wp-json\/wp\/v2\/comments?post=99102"}],"version-history":[{"count":1,"href":"https:\/\/tvtecjundiai.com.br\/news\/wp-json\/wp\/v2\/posts\/99102\/revisions"}],"predecessor-version":[{"id":99104,"href":"https:\/\/tvtecjundiai.com.br\/news\/wp-json\/wp\/v2\/posts\/99102\/revisions\/99104"}],"wp:featuredmedia":[{"embeddable":true,"href":"https:\/\/tvtecjundiai.com.br\/news\/wp-json\/wp\/v2\/media\/99103"}],"wp:attachment":[{"href":"https:\/\/tvtecjundiai.com.br\/news\/wp-json\/wp\/v2\/media?parent=99102"}],"wp:term":[{"taxonomy":"category","embeddable":true,"href":"https:\/\/tvtecjundiai.com.br\/news\/wp-json\/wp\/v2\/categories?post=99102"},{"taxonomy":"post_tag","embeddable":true,"href":"https:\/\/tvtecjundiai.com.br\/news\/wp-json\/wp\/v2\/tags?post=99102"}],"curies":[{"name":"wp","href":"https:\/\/api.w.org\/{rel}","templated":true}]}}