{"id":99109,"date":"2022-10-01T13:35:52","date_gmt":"2022-10-01T16:35:52","guid":{"rendered":"https:\/\/tvtecjundiai.com.br\/news\/?p=99109"},"modified":"2022-10-01T13:35:56","modified_gmt":"2022-10-01T16:35:56","slug":"covid-19-criancas-de-3-a-4-anos-podem-procurar-ubss-para-vacinacao","status":"publish","type":"post","link":"https:\/\/tvtecjundiai.com.br\/news\/2022\/10\/01\/covid-19-criancas-de-3-a-4-anos-podem-procurar-ubss-para-vacinacao\/","title":{"rendered":"Covid-19: crian\u00e7as de 3 a 4 anos podem procurar UBSs para vacina\u00e7\u00e3o"},"content":{"rendered":"\n<p>A vacina contra Covid-19 para crian\u00e7as entre 3 e 4 anos passa a ser disponibilizada, a partir de segunda-feira (3), em todas as Unidades B\u00e1sicas de Sa\u00fade (UBSs), no hor\u00e1rio da sala de vacina\u00e7\u00e3o. Desde agosto, a aplica\u00e7\u00e3o para esse p\u00fablico estava ocorrendo exclusivamente no polo de vacina\u00e7\u00e3o na Cidade Administrativa (antiga Creche do Idoso).<\/p>\n\n\n\n<p>\u201cRecebemos um novo lote do imunizante Coronavac da Secretaria de Estado da Sa\u00fade e o intuito \u00e9 alavancar a aplica\u00e7\u00e3o para esse p\u00fablico. O v\u00edrus ainda circula e somente com a vacina\u00e7\u00e3o, evitamos o desenvolvimento de formas graves da doen\u00e7a\u201d, observa a coordenadora da Vigil\u00e2ncia Epidemiol\u00f3gica, enfermeira Maria do Carmo Possidente.<br><br>Jundia\u00ed, segundo o \u00faltimo balan\u00e7o da VE, vacinou 817 crian\u00e7as de 3 a 4 anos com a primeira dose. No Munic\u00edpio, a popula\u00e7\u00e3o nesta faixa et\u00e1ria \u00e9 de cerca de 10,5 mil pessoas.<br><br>A vacina tamb\u00e9m continua dispon\u00edvel no polo, localizado na avenida Alexandre Ludke, 780 (pr\u00f3ximo ao Terminal Hortol\u00e2ndia).<br><br><a href=\"https:\/\/jundiai.sp.gov.br\/saude\/rede-de-atendimento\/rede-completa-de-atendimento\/\">Confira o endere\u00e7o das UBSs<\/a><\/p>\n\n\n\n<p><em>Fonte: Prefeitura de Jundia\u00ed<\/em><\/p>\n","protected":false},"excerpt":{"rendered":"<p>Jundia\u00ed, segundo o \u00faltimo balan\u00e7o da VE, vacinou 817 crian\u00e7as de 3 a 4 anos com a primeira dose<\/p>\n","protected":false},"author":24,"featured_media":99110,"comment_status":"closed","ping_status":"0","sticky":false,"template":"","format":"standard","meta":{"footnotes":""},"categories":[8357,8356,1,2839,8355],"tags":[],"class_list":["post-99109","post","type-post","status-publish","format-standard","has-post-thumbnail","hentry","category-gestao","category-jundiai","category-noticias","category-saude","category-saude-3"],"_links":{"self":[{"href":"https:\/\/tvtecjundiai.com.br\/news\/wp-json\/wp\/v2\/posts\/99109","targetHints":{"allow":["GET"]}}],"collection":[{"href":"https:\/\/tvtecjundiai.com.br\/news\/wp-json\/wp\/v2\/posts"}],"about":[{"href":"https:\/\/tvtecjundiai.com.br\/news\/wp-json\/wp\/v2\/types\/post"}],"author":[{"embeddable":true,"href":"https:\/\/tvtecjundiai.com.br\/news\/wp-json\/wp\/v2\/users\/24"}],"replies":[{"embeddable":true,"href":"https:\/\/tvtecjundiai.com.br\/news\/wp-json\/wp\/v2\/comments?post=99109"}],"version-history":[{"count":1,"href":"https:\/\/tvtecjundiai.com.br\/news\/wp-json\/wp\/v2\/posts\/99109\/revisions"}],"predecessor-version":[{"id":99111,"href":"https:\/\/tvtecjundiai.com.br\/news\/wp-json\/wp\/v2\/posts\/99109\/revisions\/99111"}],"wp:featuredmedia":[{"embeddable":true,"href":"https:\/\/tvtecjundiai.com.br\/news\/wp-json\/wp\/v2\/media\/99110"}],"wp:attachment":[{"href":"https:\/\/tvtecjundiai.com.br\/news\/wp-json\/wp\/v2\/media?parent=99109"}],"wp:term":[{"taxonomy":"category","embeddable":true,"href":"https:\/\/tvtecjundiai.com.br\/news\/wp-json\/wp\/v2\/categories?post=99109"},{"taxonomy":"post_tag","embeddable":true,"href":"https:\/\/tvtecjundiai.com.br\/news\/wp-json\/wp\/v2\/tags?post=99109"}],"curies":[{"name":"wp","href":"https:\/\/api.w.org\/{rel}","templated":true}]}}