{"id":99112,"date":"2022-10-01T13:41:54","date_gmt":"2022-10-01T16:41:54","guid":{"rendered":"https:\/\/tvtecjundiai.com.br\/news\/?p=99112"},"modified":"2022-10-01T13:42:00","modified_gmt":"2022-10-01T16:42:00","slug":"avancam-as-obras-de-revitalizacao-e-modernizacao-do-centro-das-artes","status":"publish","type":"post","link":"https:\/\/tvtecjundiai.com.br\/news\/2022\/10\/01\/avancam-as-obras-de-revitalizacao-e-modernizacao-do-centro-das-artes\/","title":{"rendered":"Avan\u00e7am as obras de revitaliza\u00e7\u00e3o e moderniza\u00e7\u00e3o do Centro das Artes"},"content":{"rendered":"\n<h2 class=\"wp-block-heading\"><\/h2>\n\n\n\n<p>Com foco no fomento \u00e0 atividade art\u00edstica e na preserva\u00e7\u00e3o do patrim\u00f4nio hist\u00f3rico municipal, as obras de revitaliza\u00e7\u00e3o e moderniza\u00e7\u00e3o do Centro das Artes seguem em andamento, no Centro de Jundia\u00ed. Local ic\u00f4nico para os artistas, onde fica localizada a tradicional Sala Gl\u00f3ria Rocha de espet\u00e1culos, o espa\u00e7o recebe cerca de R$ 7 milh\u00f5es em investimentos da Prefeitura, que contemplam as obras de melhorias arquitet\u00f4nicas, el\u00e9tricas, civis e c\u00eanicas.<\/p>\n\n\n\n<p>\u201cO Centro das Artes fica localizado na rua Bar\u00e3o de Jundia\u00ed, um importante corredor cultural da regi\u00e3o central. E \u00e9 essa a voca\u00e7\u00e3o que norteia o Plano de Requalifica\u00e7\u00e3o e Reabilita\u00e7\u00e3o do Centro Hist\u00f3rico para o local. Temos realizado visitas de artistas \u00e0s obras e todos eles demonstram o seu encantamento com aquele lugar, como na visita que acompanhei com os bailarinos, em ocasi\u00e3o do 24\u00ba festival Enredan\u00e7a, em abril, e dos integrantes do Conselho de Pol\u00edtica Cultural, em junho\u201d, comentou o prefeito Luiz Fernando Machado.<\/p>\n\n\n\n<p>Nesta etapa da obra, a \u00e1rea central j\u00e1 conta com porcelanato no pavimento e soleiras. Nas escadas j\u00e1 foram tamb\u00e9m aplicadas as pedras e instalado o corrim\u00e3o. O espa\u00e7o conta ainda com guarda-corpos instalados nas varandas do piso superior e os banheiros tamb\u00e9m j\u00e1 contam com pisos, azulejos e pias.<\/p>\n\n\n\n<figure class=\"wp-block-image\"><img decoding=\"async\" src=\"https:\/\/jundiai.sp.gov.br\/noticias\/wp-content\/uploads\/sites\/32\/2022\/09\/obras-centro-das-artes_fm_-6.jpg\" alt=\"\" class=\"wp-image-302675\" \/><figcaption>Espa\u00e7o j\u00e1 conta com porcelanato no pavimento e escadas receberam pedras em seus degraus<\/figcaption><\/figure>\n\n\n\n<p>Na Sala Gl\u00f3ria Rocha, sala de espet\u00e1culo com cerca de 300 lugares, o palco j\u00e1 recebeu expans\u00e3o frontal, de profundidade e altura, e a instala\u00e7\u00e3o do isolamento ac\u00fastico nas paredes e tetos j\u00e1 foi finalizada. O espa\u00e7o recebe agora as adequa\u00e7\u00f5es el\u00e9tricas solicitadas pelo Corpo de Bombeiros para a ilumina\u00e7\u00e3o de seguran\u00e7a e o forro do teto. &nbsp;<\/p>\n\n\n\n<p>\u201cAl\u00e9m da nossa preocupa\u00e7\u00e3o em atender \u00e0s demandas da classe art\u00edstica, para que ela fosse contemplada pelo projeto de melhorias, outra aten\u00e7\u00e3o especial que demos \u00e0 obra foi a acessibilidade. Al\u00e9m de elevador para o p\u00fablico no sagu\u00e3o principal, a Sala Gl\u00f3ria Rocha ser\u00e1 acess\u00edvel tanto para os espectadores como artistas, j\u00e1 quem o palco poder\u00e1 ser acessado por rampa. A Sala contar\u00e1 ainda com cabine de audiodescri\u00e7\u00e3o para cegos e uma estrutura pr\u00f3pria de proje\u00e7\u00e3o de filmes, al\u00e9m de c\u00e2meras instaladas para a realiza\u00e7\u00e3o de transmiss\u00f5es ao vivo, novidades que tornar\u00e3o a Sala Gl\u00f3ria Rocha um espa\u00e7o \u00fanico em toda a regi\u00e3o\u201d, comentou o gestor de Cultura, Marcelo Peroni.<\/p>\n\n\n\n<p>Os camarins individuais e coletivo recebem acabamento em gesso na parede, corrim\u00e3o, sistema de inc\u00eandio e revestimento ac\u00fastico. \u201cTrata-se de um avan\u00e7o, principalmente no camarim coletivo, que antes nem piso tinha. Al\u00e9m de outra novidade que ser\u00e1 uma antessala para atendimento \u00e0 imprensa e convidados, que dar\u00e1 acesso \u00e0 cabine de som, luz e audiodescri\u00e7\u00e3o\u201d, acrescentou Peroni.<\/p>\n\n\n\n<figure class=\"wp-block-image\"><img decoding=\"async\" src=\"https:\/\/jundiai.sp.gov.br\/noticias\/wp-content\/uploads\/sites\/32\/2022\/09\/obras-centro-das-artes_fm_-15.jpg\" alt=\"\" class=\"wp-image-302676\" \/><figcaption>Cabine de audiodescri\u00e7\u00e3o para cegos e estruturas para proje\u00e7\u00e3o de filmes e transmiss\u00e3o est\u00e3o entre as novidades da Sala Gl\u00f3ria Rocha<\/figcaption><\/figure>\n\n\n\n<p>Outra novidade para o Centro das Artes \u00e9 uma nova sala de espet\u00e1culos no t\u00e9rreo, com outros 100 lugares, disponibilizados conforme a necessidade da atra\u00e7\u00e3o que for se apresentar. O espa\u00e7o tamb\u00e9m j\u00e1 conta com isolamento ac\u00fastico no teto e paredes.<\/p>\n\n\n\n<p>Na \u00e1rea do piso superior que ser\u00e1 destinada a receber uma sala de exposi\u00e7\u00e3o j\u00e1 foram tamb\u00e9m instalados o guarda-corpo, o piso e a ilumina\u00e7\u00e3o c\u00eanica.<\/p>\n\n\n\n<p>Na fachada, as equipes j\u00e1 retiraram a cobertura sobre os detalhes de tijolos aparentes, dando ao Centro das Artes a apar\u00eancia que tinha quando de sua inaugura\u00e7\u00e3o, no in\u00edcio do s\u00e9culo passado, como antigo Mercado Municipal. &nbsp;Outras novidades externas ser\u00e3o a amplia\u00e7\u00e3o do cal\u00e7amento frontal, dentro do novo conceito do Plano para o Centro Hist\u00f3rico, com redu\u00e7\u00e3o da velocidade permitida para os ve\u00edculos a fim de privilegiar o deslocamento dos pedestres.<\/p>\n\n\n\n<p>As pr\u00f3ximas etapas da obra consistem nas instala\u00e7\u00f5es das portas e batentes, ilumina\u00e7\u00e3o e sonoriza\u00e7\u00e3o, al\u00e9m do ar condicionado nas duas salas de espet\u00e1culo, que receber\u00e3o tamb\u00e9m vestimenta c\u00eanica, panos ignifugados, poltronas, na Sala Gl\u00f3ria Rocha, cortina para o palco.<\/p>\n\n\n\n<figure class=\"wp-block-image\"><img decoding=\"async\" src=\"https:\/\/jundiai.sp.gov.br\/noticias\/wp-content\/uploads\/sites\/32\/2022\/09\/obras-centro-das-artes_fm_-24.jpg\" alt=\"\" class=\"wp-image-302677\" \/><figcaption>Guarda-corpo e corrim\u00e3o nas escadas tamb\u00e9m j\u00e1 foram instalados<\/figcaption><\/figure>\n\n\n\n<p><em>Fonte: Prefeitura de Jundia\u00ed<\/em><\/p>\n","protected":false},"excerpt":{"rendered":"<p>O espa\u00e7o recebe cerca de R$ 7 milh\u00f5es em investimentos da Prefeitura, que contemplam as obras de melhorias arquitet\u00f4nicas, el\u00e9tricas, civis e c\u00eanicas<\/p>\n","protected":false},"author":24,"featured_media":99113,"comment_status":"closed","ping_status":"0","sticky":false,"template":"","format":"standard","meta":{"footnotes":""},"categories":[8357,8391,8356,8354,1],"tags":[],"class_list":["post-99112","post","type-post","status-publish","format-standard","has-post-thumbnail","hentry","category-gestao","category-infraestrutura","category-jundiai","category-lazer","category-noticias"],"_links":{"self":[{"href":"https:\/\/tvtecjundiai.com.br\/news\/wp-json\/wp\/v2\/posts\/99112","targetHints":{"allow":["GET"]}}],"collection":[{"href":"https:\/\/tvtecjundiai.com.br\/news\/wp-json\/wp\/v2\/posts"}],"about":[{"href":"https:\/\/tvtecjundiai.com.br\/news\/wp-json\/wp\/v2\/types\/post"}],"author":[{"embeddable":true,"href":"https:\/\/tvtecjundiai.com.br\/news\/wp-json\/wp\/v2\/users\/24"}],"replies":[{"embeddable":true,"href":"https:\/\/tvtecjundiai.com.br\/news\/wp-json\/wp\/v2\/comments?post=99112"}],"version-history":[{"count":1,"href":"https:\/\/tvtecjundiai.com.br\/news\/wp-json\/wp\/v2\/posts\/99112\/revisions"}],"predecessor-version":[{"id":99114,"href":"https:\/\/tvtecjundiai.com.br\/news\/wp-json\/wp\/v2\/posts\/99112\/revisions\/99114"}],"wp:featuredmedia":[{"embeddable":true,"href":"https:\/\/tvtecjundiai.com.br\/news\/wp-json\/wp\/v2\/media\/99113"}],"wp:attachment":[{"href":"https:\/\/tvtecjundiai.com.br\/news\/wp-json\/wp\/v2\/media?parent=99112"}],"wp:term":[{"taxonomy":"category","embeddable":true,"href":"https:\/\/tvtecjundiai.com.br\/news\/wp-json\/wp\/v2\/categories?post=99112"},{"taxonomy":"post_tag","embeddable":true,"href":"https:\/\/tvtecjundiai.com.br\/news\/wp-json\/wp\/v2\/tags?post=99112"}],"curies":[{"name":"wp","href":"https:\/\/api.w.org\/{rel}","templated":true}]}}