{"id":99138,"date":"2022-10-03T09:06:12","date_gmt":"2022-10-03T12:06:12","guid":{"rendered":"https:\/\/tvtecjundiai.com.br\/news\/?p=99138"},"modified":"2022-10-03T09:41:09","modified_gmt":"2022-10-03T12:41:09","slug":"sexta-no-centro-de-outubro-celebra-o-dia-do-compositor-brasileiro-nesta-sexta-feira-7","status":"publish","type":"post","link":"https:\/\/tvtecjundiai.com.br\/news\/2022\/10\/03\/sexta-no-centro-de-outubro-celebra-o-dia-do-compositor-brasileiro-nesta-sexta-feira-7\/","title":{"rendered":"&#8216;Sexta no Centro&#8217; celebra o Dia do Compositor Brasileiro"},"content":{"rendered":"\n<p>Na sexta-feira (7), quando \u00e9 comemorado o dia do Compositor Brasileiro, a Pra\u00e7a Marechal Floriano Peixoto (Pra\u00e7a do Coreto) recebe a edi\u00e7\u00e3o de outubro da Sexta no Centro, com programa\u00e7\u00e3o musical gratuita, das 16h \u00e0s 22h.<\/p>\n\n\n\n<p>Numa realiza\u00e7\u00e3o das Unidades de Gest\u00e3o de Cultura (UGC) e de Agroneg\u00f3cio, Abastecimento e Turismo (UGAAT), a programa\u00e7\u00e3o traz ainda para a pra\u00e7a o melhor da gastronomia regional, com as barracas dos permission\u00e1rios do varej\u00e3o noturno, e o melhor do artesanato da cidade, com os artistas do programa municipal Jundia\u00ed feito \u00e0 M\u00e3o.<\/p>\n\n\n\n<figure class=\"wp-block-image size-large\"><img loading=\"lazy\" decoding=\"async\" width=\"1200\" height=\"800\" src=\"https:\/\/tvtecjundiai.com.br\/news\/wp-content\/uploads\/sites\/2\/2022\/10\/sexta-no-centro_fm_-6-1200x800.jpg\" alt=\"\" class=\"wp-image-99143\" srcset=\"https:\/\/tvtecjundiai.com.br\/news\/wp-content\/uploads\/sites\/2\/2022\/10\/sexta-no-centro_fm_-6-1200x800.jpg 1200w, https:\/\/tvtecjundiai.com.br\/news\/wp-content\/uploads\/sites\/2\/2022\/10\/sexta-no-centro_fm_-6-300x200.jpg 300w, https:\/\/tvtecjundiai.com.br\/news\/wp-content\/uploads\/sites\/2\/2022\/10\/sexta-no-centro_fm_-6-768x512.jpg 768w, https:\/\/tvtecjundiai.com.br\/news\/wp-content\/uploads\/sites\/2\/2022\/10\/sexta-no-centro_fm_-6.jpg 1280w\" sizes=\"auto, (max-width: 1200px) 100vw, 1200px\" \/><figcaption>Sexta no Centro de outubro ser\u00e1 nesta sexta-feira (07), das 16h \u00e0s 22h<\/figcaption><\/figure>\n\n\n\n<p>A atra\u00e7\u00e3o musical que abre a festa \u00e9 a Banda Velho Manco, que sobe ao palco \u00e0s 16h. O show faz parte da turn\u00ea de lan\u00e7amento do \u201cA Mosca\u201d, com repert\u00f3rio elogiado nos g\u00eaneros Indie e Pop Rock.<\/p>\n\n\n\n<p>Na sequ\u00eancia, \u00e0s 17h30, \u00e9 a vez do artista Alexandre Cunha, que promete mesclar em seu show \u201cBrasil Plural\u201d vocais, flauta, teclado, bateria e guitarra, percorrendo um clima misterioso, fases nordestinas e regionais, al\u00e9m de outros ritmos brasileiros puxados pelo maxixe e bai\u00e3o.<\/p>\n\n\n\n<p>\u00c0s 19h, quem sobe ao palco \u00e9 Rafa Ribeiro e Banda, com o show \u201cQue canto \u00e9 esse?\u201d, em que a banda prop\u00f5e releituras de cl\u00e1ssicos da M\u00fasica Popular Brasileira e m\u00fasicas autorais, misturando ritmos como Bai\u00e3o, Reggae, Rock e Cultura popular.<\/p>\n\n\n\n<p>J\u00e1 o show de encerramento da festa \u201cCancioneiro Nordestino\u201d tem in\u00edcio \u00e0s 20h30, com Maria P\u00e9rola e Banda. Para a apresenta\u00e7\u00e3o, a banda traz um repert\u00f3rio em homenagem aos compositores nordestinos que influenciaram a trajet\u00f3ria art\u00edstica da cantora e compositora Maria P\u00e9rola, que \u00e9 pernambucana. Toda a estrutura mel\u00f3dica e arranjos foram pensados com o intuito de promover um interc\u00e2mbio cultural com o p\u00fablico.<\/p>\n\n\n\n<p>\u201cA \u2018Sexta no Centro \u00e9 esta festa em que propomos o fomento ao trabalho dos artistas da regi\u00e3o, contratados por meio de editais como o CulturaMais, e a ocupa\u00e7\u00e3o do Centro atrav\u00e9s da conviv\u00eancia entre as pessoas\u201d, explica o diretor do Departamento de Cultura da UGC, Jo\u00e3o Carlos De Luca.<\/p>\n\n\n\n<figure class=\"wp-block-gallery has-nested-images columns-default is-cropped wp-block-gallery-1 is-layout-flex wp-block-gallery-is-layout-flex\">\n<figure class=\"wp-block-image size-large\"><img loading=\"lazy\" decoding=\"async\" width=\"1200\" height=\"538\" data-id=\"99139\" src=\"https:\/\/tvtecjundiai.com.br\/news\/wp-content\/uploads\/sites\/2\/2022\/10\/Banda-Velho-Manco-1200x538-1.jpg\" alt=\"\" class=\"wp-image-99139\" srcset=\"https:\/\/tvtecjundiai.com.br\/news\/wp-content\/uploads\/sites\/2\/2022\/10\/Banda-Velho-Manco-1200x538-1.jpg 1200w, https:\/\/tvtecjundiai.com.br\/news\/wp-content\/uploads\/sites\/2\/2022\/10\/Banda-Velho-Manco-1200x538-1-300x135.jpg 300w, https:\/\/tvtecjundiai.com.br\/news\/wp-content\/uploads\/sites\/2\/2022\/10\/Banda-Velho-Manco-1200x538-1-768x344.jpg 768w\" sizes=\"auto, (max-width: 1200px) 100vw, 1200px\" \/><figcaption>16h \u2013 Banda Velho Manco<\/figcaption><\/figure>\n\n\n\n<figure class=\"wp-block-image size-large\"><img loading=\"lazy\" decoding=\"async\" width=\"1200\" height=\"799\" data-id=\"99140\" src=\"https:\/\/tvtecjundiai.com.br\/news\/wp-content\/uploads\/sites\/2\/2022\/10\/Alexandre-Cunha-1200x799-1.jpg\" alt=\"\" class=\"wp-image-99140\" srcset=\"https:\/\/tvtecjundiai.com.br\/news\/wp-content\/uploads\/sites\/2\/2022\/10\/Alexandre-Cunha-1200x799-1.jpg 1200w, https:\/\/tvtecjundiai.com.br\/news\/wp-content\/uploads\/sites\/2\/2022\/10\/Alexandre-Cunha-1200x799-1-300x200.jpg 300w, https:\/\/tvtecjundiai.com.br\/news\/wp-content\/uploads\/sites\/2\/2022\/10\/Alexandre-Cunha-1200x799-1-768x511.jpg 768w\" sizes=\"auto, (max-width: 1200px) 100vw, 1200px\" \/><figcaption>17h30 \u2013 Alexandre Cunha em \u201cBrasil Plural\u201d<\/figcaption><\/figure>\n<\/figure>\n\n\n\n<figure class=\"wp-block-gallery has-nested-images columns-default is-cropped wp-block-gallery-2 is-layout-flex wp-block-gallery-is-layout-flex\">\n<figure class=\"wp-block-image size-large\"><img loading=\"lazy\" decoding=\"async\" width=\"816\" height=\"590\" data-id=\"99141\" src=\"https:\/\/tvtecjundiai.com.br\/news\/wp-content\/uploads\/sites\/2\/2022\/10\/Rafa-Ribeiro-e-Banda.jpeg\" alt=\"\" class=\"wp-image-99141\" srcset=\"https:\/\/tvtecjundiai.com.br\/news\/wp-content\/uploads\/sites\/2\/2022\/10\/Rafa-Ribeiro-e-Banda.jpeg 816w, https:\/\/tvtecjundiai.com.br\/news\/wp-content\/uploads\/sites\/2\/2022\/10\/Rafa-Ribeiro-e-Banda-300x217.jpeg 300w, https:\/\/tvtecjundiai.com.br\/news\/wp-content\/uploads\/sites\/2\/2022\/10\/Rafa-Ribeiro-e-Banda-768x555.jpeg 768w\" sizes=\"auto, (max-width: 816px) 100vw, 816px\" \/><figcaption>19h \u2013 Rafa Ribeiro e Banda em \u201cQue canto \u00e9 esse?\u201d<\/figcaption><\/figure>\n\n\n\n<figure class=\"wp-block-image size-large\"><img loading=\"lazy\" decoding=\"async\" width=\"1200\" height=\"800\" data-id=\"99142\" src=\"https:\/\/tvtecjundiai.com.br\/news\/wp-content\/uploads\/sites\/2\/2022\/10\/maria_perola-1200x800-1.jpg\" alt=\"\" class=\"wp-image-99142\" srcset=\"https:\/\/tvtecjundiai.com.br\/news\/wp-content\/uploads\/sites\/2\/2022\/10\/maria_perola-1200x800-1.jpg 1200w, https:\/\/tvtecjundiai.com.br\/news\/wp-content\/uploads\/sites\/2\/2022\/10\/maria_perola-1200x800-1-300x200.jpg 300w, https:\/\/tvtecjundiai.com.br\/news\/wp-content\/uploads\/sites\/2\/2022\/10\/maria_perola-1200x800-1-768x512.jpg 768w\" sizes=\"auto, (max-width: 1200px) 100vw, 1200px\" \/><figcaption>20h30 \u2013 Maria P\u00e9rola e Banda em \u201cCancioneiro Nordestino\u201d<\/figcaption><\/figure>\n<\/figure>\n\n\n\n<p><strong><em>(Fonte: Prefeitura de Jundia\u00ed\/Imagens: Prefeitura de Jundia\u00ed e Divulga\u00e7\u00e3o)<\/em><\/strong><\/p>\n","protected":false},"excerpt":{"rendered":"<p>Na sexta (7), a Pra\u00e7a Marechal Floriano Peixoto recebe programa\u00e7\u00e3o musical gratuita das 16h \u00e0s 22h<\/p>\n","protected":false},"author":30,"featured_media":99143,"comment_status":"closed","ping_status":"0","sticky":false,"template":"","format":"standard","meta":{"footnotes":""},"categories":[2833,8356,8354,1],"tags":[],"class_list":["post-99138","post","type-post","status-publish","format-standard","has-post-thumbnail","hentry","category-cultura","category-jundiai","category-lazer","category-noticias"],"_links":{"self":[{"href":"https:\/\/tvtecjundiai.com.br\/news\/wp-json\/wp\/v2\/posts\/99138","targetHints":{"allow":["GET"]}}],"collection":[{"href":"https:\/\/tvtecjundiai.com.br\/news\/wp-json\/wp\/v2\/posts"}],"about":[{"href":"https:\/\/tvtecjundiai.com.br\/news\/wp-json\/wp\/v2\/types\/post"}],"author":[{"embeddable":true,"href":"https:\/\/tvtecjundiai.com.br\/news\/wp-json\/wp\/v2\/users\/30"}],"replies":[{"embeddable":true,"href":"https:\/\/tvtecjundiai.com.br\/news\/wp-json\/wp\/v2\/comments?post=99138"}],"version-history":[{"count":2,"href":"https:\/\/tvtecjundiai.com.br\/news\/wp-json\/wp\/v2\/posts\/99138\/revisions"}],"predecessor-version":[{"id":99146,"href":"https:\/\/tvtecjundiai.com.br\/news\/wp-json\/wp\/v2\/posts\/99138\/revisions\/99146"}],"wp:featuredmedia":[{"embeddable":true,"href":"https:\/\/tvtecjundiai.com.br\/news\/wp-json\/wp\/v2\/media\/99143"}],"wp:attachment":[{"href":"https:\/\/tvtecjundiai.com.br\/news\/wp-json\/wp\/v2\/media?parent=99138"}],"wp:term":[{"taxonomy":"category","embeddable":true,"href":"https:\/\/tvtecjundiai.com.br\/news\/wp-json\/wp\/v2\/categories?post=99138"},{"taxonomy":"post_tag","embeddable":true,"href":"https:\/\/tvtecjundiai.com.br\/news\/wp-json\/wp\/v2\/tags?post=99138"}],"curies":[{"name":"wp","href":"https:\/\/api.w.org\/{rel}","templated":true}]}}