{"id":99150,"date":"2022-10-03T11:12:46","date_gmt":"2022-10-03T14:12:46","guid":{"rendered":"https:\/\/tvtecjundiai.com.br\/news\/?p=99150"},"modified":"2022-10-03T14:47:05","modified_gmt":"2022-10-03T17:47:05","slug":"jundiai-recebe-o-cantor-pedro-mariano-no-domingo-9-no-teatro-polytheama","status":"publish","type":"post","link":"https:\/\/tvtecjundiai.com.br\/news\/2022\/10\/03\/jundiai-recebe-o-cantor-pedro-mariano-no-domingo-9-no-teatro-polytheama\/","title":{"rendered":"Jundia\u00ed recebe o cantor Pedro Mariano no domingo (9), no Teatro Polytheama"},"content":{"rendered":"\n<p>O cantor Pedro Mariano apresenta o show \u201cPedro Mariano Recapitulando\u201d no domingo, dia 9 de outubro, \u00e0s 19h, no Teatro Polytheama, em Jundia\u00ed. No espet\u00e1culo, ele relembra can\u00e7\u00f5es de sucesso, como \u201cVoz no ouvido\u201d (Jair Oliveira), \u201cQuase amor\u201d (Jorge Verc\u00edlio),\u201d Miragem\u201d (Dani Black), \u201cUm pouco mais perto\u2019 (Ana Carolina, Chiara Civello e Edu Krieger) e \u201cSimplesmente\u201d (Samuel Rosa\/Chico Amaral), entre outras. Os ingressos custam R$ 35 (meia-entrada) e R$ 70 (inteira) e est\u00e3o \u00e0 venda na <a href=\"http:\/\/www.sympla.com.br\/\" data-type=\"URL\" data-id=\"http:\/\/www.sympla.com.br\/\">plataforma Sympla<\/a> e na bilheteria do Teatro (Rua Bar\u00e3o de Jundia\u00ed, n\u00b0176, Jundia\u00ed).&nbsp;Informa\u00e7\u00f5es no site&nbsp;<a rel=\"noreferrer noopener\" href=\"http:\/\/www.teatrogt.com.br\/\" target=\"_blank\">www.teatrogt.com.br<\/a>.<\/p>\n\n\n\n<p>Em \u201cRecapitulando\u201d, Pedro divide o palco com o baixista Leandro Matsumoto e com o violonista Conrado Goys, que j\u00e1 o acompanham h\u00e1 muitos anos. Ele tamb\u00e9m apresenta regrava\u00e7\u00f5es de importantes autores da MPB que fazem parte do espet\u00e1culo \u201cPedro Mariano A2\u201d, como \u201cDe repente\u201d (Lulu Santos), \u201cPode ser\u201d (Jorge Vercillo) e \u201cAzul da cor do mar\u201d (Tim Maia). O cantor tem 26 anos de carreira, 12 CD\u00b4S gravados e quatro DVD\u00b4s lan\u00e7ados, al\u00e9m de ter conquistado quatro indica\u00e7\u00f5es ao Grammy Latino e Disco de Ouro.<\/p>\n\n\n<div class=\"wp-block-image\">\n<figure class=\"aligncenter size-large is-resized\"><img loading=\"lazy\" decoding=\"async\" src=\"https:\/\/tvtecjundiai.com.br\/news\/wp-content\/uploads\/sites\/2\/2022\/10\/Pedro-Mariano-2-1200x800.jpg\" alt=\"\" class=\"wp-image-99151\" width=\"712\" height=\"475\" srcset=\"https:\/\/tvtecjundiai.com.br\/news\/wp-content\/uploads\/sites\/2\/2022\/10\/Pedro-Mariano-2-1200x800.jpg 1200w, https:\/\/tvtecjundiai.com.br\/news\/wp-content\/uploads\/sites\/2\/2022\/10\/Pedro-Mariano-2-300x200.jpg 300w, https:\/\/tvtecjundiai.com.br\/news\/wp-content\/uploads\/sites\/2\/2022\/10\/Pedro-Mariano-2-768x512.jpg 768w, https:\/\/tvtecjundiai.com.br\/news\/wp-content\/uploads\/sites\/2\/2022\/10\/Pedro-Mariano-2.jpg 1280w\" sizes=\"auto, (max-width: 712px) 100vw, 712px\" \/><\/figure>\n<\/div>\n\n\n<p><\/p>\n\n\n\n<p><strong>Pedro Mariano \u201cRecapitulando\u201d<\/strong><\/p>\n\n\n\n<ul class=\"wp-block-list\"><li>G\u00eanero: Show<\/li><li>Dia: Domingo, 9 de outubro<\/li><li>Hor\u00e1rio: \u00e0s 19h&nbsp;<\/li><li>Local: Teatro Polytheama &#8211; Rua Bar\u00e3o de Jundia\u00ed, n\u00b0176, Jundia\u00ed&nbsp;<\/li><li>Ingressos: R$ 35 (meia-entrada) a R$ 70 (inteira)<\/li><li>Vendas: nas bilheterias do Teatro e na <a href=\"http:\/\/www.sympla.com.br\/\" data-type=\"URL\" data-id=\"http:\/\/www.sympla.com.br\/\">plataforma Sympla<\/a> <\/li><li>Informa\u00e7\u00f5es:&nbsp;<a rel=\"noreferrer noopener\" href=\"http:\/\/www.teatrogt.com.br\/\" target=\"_blank\">www.teatrogt.com.br<\/a><\/li><li>Classifica\u00e7\u00e3o et\u00e1ria: 14 anos<\/li><\/ul>\n\n\n\n<p><em><strong>(Fonte: Ateli\u00ea da Not\u00edcia\/Imagem: Divulga\u00e7\u00e3o)<\/strong><\/em><\/p>\n","protected":false},"excerpt":{"rendered":"<p>Ingressos j\u00e1 est\u00e3o \u00e0 venda e custam R$ 35 (meia-entrada) e R$ 70 (inteira)<\/p>\n","protected":false},"author":30,"featured_media":99151,"comment_status":"closed","ping_status":"0","sticky":false,"template":"","format":"standard","meta":{"footnotes":""},"categories":[2833,8356,1],"tags":[],"class_list":["post-99150","post","type-post","status-publish","format-standard","has-post-thumbnail","hentry","category-cultura","category-jundiai","category-noticias"],"_links":{"self":[{"href":"https:\/\/tvtecjundiai.com.br\/news\/wp-json\/wp\/v2\/posts\/99150","targetHints":{"allow":["GET"]}}],"collection":[{"href":"https:\/\/tvtecjundiai.com.br\/news\/wp-json\/wp\/v2\/posts"}],"about":[{"href":"https:\/\/tvtecjundiai.com.br\/news\/wp-json\/wp\/v2\/types\/post"}],"author":[{"embeddable":true,"href":"https:\/\/tvtecjundiai.com.br\/news\/wp-json\/wp\/v2\/users\/30"}],"replies":[{"embeddable":true,"href":"https:\/\/tvtecjundiai.com.br\/news\/wp-json\/wp\/v2\/comments?post=99150"}],"version-history":[{"count":2,"href":"https:\/\/tvtecjundiai.com.br\/news\/wp-json\/wp\/v2\/posts\/99150\/revisions"}],"predecessor-version":[{"id":99166,"href":"https:\/\/tvtecjundiai.com.br\/news\/wp-json\/wp\/v2\/posts\/99150\/revisions\/99166"}],"wp:featuredmedia":[{"embeddable":true,"href":"https:\/\/tvtecjundiai.com.br\/news\/wp-json\/wp\/v2\/media\/99151"}],"wp:attachment":[{"href":"https:\/\/tvtecjundiai.com.br\/news\/wp-json\/wp\/v2\/media?parent=99150"}],"wp:term":[{"taxonomy":"category","embeddable":true,"href":"https:\/\/tvtecjundiai.com.br\/news\/wp-json\/wp\/v2\/categories?post=99150"},{"taxonomy":"post_tag","embeddable":true,"href":"https:\/\/tvtecjundiai.com.br\/news\/wp-json\/wp\/v2\/tags?post=99150"}],"curies":[{"name":"wp","href":"https:\/\/api.w.org\/{rel}","templated":true}]}}