{"id":99173,"date":"2022-10-03T15:10:59","date_gmt":"2022-10-03T18:10:59","guid":{"rendered":"https:\/\/tvtecjundiai.com.br\/news\/?p=99173"},"modified":"2022-10-03T15:11:04","modified_gmt":"2022-10-03T18:11:04","slug":"outubro-rosa-mes-e-dedicado-ao-alerta-sobre-a-prevencao-ao-cancer-de-mama","status":"publish","type":"post","link":"https:\/\/tvtecjundiai.com.br\/news\/2022\/10\/03\/outubro-rosa-mes-e-dedicado-ao-alerta-sobre-a-prevencao-ao-cancer-de-mama\/","title":{"rendered":"Outubro Rosa: M\u00eas \u00e9 dedicado ao alerta sobre a preven\u00e7\u00e3o ao c\u00e2ncer de mama"},"content":{"rendered":"\n<p>Atualmente, Jundia\u00ed conta com 1.312 pessoas em tratamento contra o c\u00e2ncer de mama. No Brasil, excluindo os tumores de pele n\u00e3o melanoma, o c\u00e2ncer de mama \u00e9 o mais incidente em mulheres de todas as regi\u00f5es, com taxas mais altas nas regi\u00f5es Sul e Sudeste. Para o ano de 2022 foram estimados 66.280 casos novos. A ocorr\u00eancia, al\u00e9m de fatores gen\u00e9ticos, tem como situa\u00e7\u00f5es de aumento de risco causas conhecidas e que podem ser combatidas com h\u00e1bitos saud\u00e1veis e pequenas mudan\u00e7as no dia a dia.<\/p>\n\n\n\n<p>\u00c9 com esse enfoque que a Unidade de Gest\u00e3o de Promo\u00e7\u00e3o da Sa\u00fade (UGPS) trabalha o tema neste ano. \u201cAl\u00e9m da Caminhada Pela Vida, que ser\u00e1 realizada no pr\u00f3ximo dia 9, o trabalho de conscientiza\u00e7\u00e3o e o incentivo \u00e0 pr\u00e1tica de atividades oferecidas na rede de Aten\u00e7\u00e3o B\u00e1sica ser\u00e1 intensificado neste m\u00eas por todas as equipes \u201c, comenta a gestora-adjunta da UGPS, Dayane Martins.<\/p>\n\n\n\n<figure class=\"wp-block-image is-resized\"><img loading=\"lazy\" decoding=\"async\" src=\"https:\/\/jundiai.sp.gov.br\/noticias\/wp-content\/uploads\/sites\/32\/2022\/10\/liam_gong-39.jpg\" alt=\"\" class=\"wp-image-302699\" width=\"840\" height=\"559\" \/><figcaption>Lian gong \u00e9 uma das atividades que faz parte das pr\u00e1ticas integrativas dispon\u00edveis na Aten\u00e7\u00e3o B\u00e1sica de Jundia\u00ed que promovem o relaxamento e controle do estresse<\/figcaption><\/figure>\n\n\n\n<p>Al\u00e9m da obesidade, fatores gen\u00e9ticos e o sedentarismo, o estresse tamb\u00e9m engrossa a lista dos gatilhos para o desenvolvimento da doen\u00e7a. \u201cO estresse \u00e9 um fator importante como desencadeador de c\u00e2ncer. As pessoas acabam por n\u00e3o dar a devida aten\u00e7\u00e3o a esta situa\u00e7\u00e3o, exatamente com causa da correria do dia a dia. No entanto, \u00e9 essencial reservar um tempo para cuidar da sa\u00fade, f\u00edsica e mental\u201d, alertar a diretora de Regula\u00e7\u00e3o da UGPS, Fabiana de Alc\u00e2ntara.<\/p>\n\n\n\n<p>A rede de Aten\u00e7\u00e3o Prim\u00e1ria ou B\u00e1sica (UBSs e Cl\u00ednicas da Fam\u00edlia) contam com grupos de atividades, desenvolvidas pelos agentes comunit\u00e1rios de sa\u00fade ou pelo N\u00facleo de Apoio \u00e0 Sa\u00fade da Fam\u00edlia (Nasf). A oferta \u00e9 ampla e vai desde grupos de atividades e conviv\u00eancia, lian gong, alimenta\u00e7\u00e3o saud\u00e1vel, hipertens\u00e3o, diabetes e terapias ocupacionais. \u201cAo longo de todo o m\u00eas de outubro, as equipes de Sa\u00fade far\u00e3o atividades em seus territ\u00f3rios para ampliar a quantidade de pessoas participantes e assim, promover a qualidade de vida com informa\u00e7\u00f5es detalhadas e simples de como mudando pequenos h\u00e1bitos se alcan\u00e7a grandes resultados na promo\u00e7\u00e3o da sa\u00fade\u201d, ressalta a diretora de Aten\u00e7\u00e3o B\u00e1sica, Ana Paula Rodrigues Rosa.<\/p>\n\n\n\n<p><strong><em>(Fonte\/Imagem: Prefeitura de Jundia\u00ed)<\/em><\/strong><\/p>\n","protected":false},"excerpt":{"rendered":"<p>Atualmente, Jundia\u00ed conta com 1.312 pessoas em tratamento contra o c\u00e2ncer de mama. <\/p>\n","protected":false},"author":27,"featured_media":99174,"comment_status":"closed","ping_status":"0","sticky":false,"template":"","format":"standard","meta":{"footnotes":""},"categories":[8356,8355],"tags":[],"class_list":["post-99173","post","type-post","status-publish","format-standard","has-post-thumbnail","hentry","category-jundiai","category-saude-3"],"_links":{"self":[{"href":"https:\/\/tvtecjundiai.com.br\/news\/wp-json\/wp\/v2\/posts\/99173","targetHints":{"allow":["GET"]}}],"collection":[{"href":"https:\/\/tvtecjundiai.com.br\/news\/wp-json\/wp\/v2\/posts"}],"about":[{"href":"https:\/\/tvtecjundiai.com.br\/news\/wp-json\/wp\/v2\/types\/post"}],"author":[{"embeddable":true,"href":"https:\/\/tvtecjundiai.com.br\/news\/wp-json\/wp\/v2\/users\/27"}],"replies":[{"embeddable":true,"href":"https:\/\/tvtecjundiai.com.br\/news\/wp-json\/wp\/v2\/comments?post=99173"}],"version-history":[{"count":1,"href":"https:\/\/tvtecjundiai.com.br\/news\/wp-json\/wp\/v2\/posts\/99173\/revisions"}],"predecessor-version":[{"id":99175,"href":"https:\/\/tvtecjundiai.com.br\/news\/wp-json\/wp\/v2\/posts\/99173\/revisions\/99175"}],"wp:featuredmedia":[{"embeddable":true,"href":"https:\/\/tvtecjundiai.com.br\/news\/wp-json\/wp\/v2\/media\/99174"}],"wp:attachment":[{"href":"https:\/\/tvtecjundiai.com.br\/news\/wp-json\/wp\/v2\/media?parent=99173"}],"wp:term":[{"taxonomy":"category","embeddable":true,"href":"https:\/\/tvtecjundiai.com.br\/news\/wp-json\/wp\/v2\/categories?post=99173"},{"taxonomy":"post_tag","embeddable":true,"href":"https:\/\/tvtecjundiai.com.br\/news\/wp-json\/wp\/v2\/tags?post=99173"}],"curies":[{"name":"wp","href":"https:\/\/api.w.org\/{rel}","templated":true}]}}