{"id":99184,"date":"2022-10-04T09:10:00","date_gmt":"2022-10-04T12:10:00","guid":{"rendered":"https:\/\/tvtecjundiai.com.br\/news\/?p=99184"},"modified":"2022-10-04T09:10:05","modified_gmt":"2022-10-04T12:10:05","slug":"jundiai-ira-sediar-em-marco-encontro-de-cidades-que-integram-a-rede-urban95","status":"publish","type":"post","link":"https:\/\/tvtecjundiai.com.br\/news\/2022\/10\/04\/jundiai-ira-sediar-em-marco-encontro-de-cidades-que-integram-a-rede-urban95\/","title":{"rendered":"Jundia\u00ed ir\u00e1 sediar em mar\u00e7o encontro de cidades que integram a Rede Urban95"},"content":{"rendered":"\n<p>O prefeito Luiz Fernando Machado recebeu, na manh\u00e3 desta segunda-feira (3), representantes das Prefeituras dos munic\u00edpios paulistas de Campinas, Mogi das Cruzes e S\u00e3o Jos\u00e9 dos Campos, que, assim como Jundia\u00ed, integram a Rede Urban95. Com foco no planejamento urbano para Primeira Inf\u00e2ncia, a Rede e seu conceito s\u00e3o iniciativas da Funda\u00e7\u00e3o Holandesa Bernard van Leer, tamb\u00e9m representada no encontro. O objetivo do encontro foi realizar um balan\u00e7o das interven\u00e7\u00f5es realizadas por Jundia\u00ed com o conceito, apresent\u00e1-las aos visitantes e j\u00e1 convid\u00e1-los para o 2\u00ba Encontro da Rede Urban95, que ser\u00e1 realizado em Jundia\u00ed em mar\u00e7o do ano que vem.<\/p>\n\n\n\n<p>O encontro foi realizado no gabinete de governo do Pa\u00e7o Municipal. Na sequ\u00eancia, os convidados visitaram ainda outros equipamentos p\u00fablicos municipais vinculados \u00e0 Primeira Inf\u00e2ncia no Munic\u00edpio, como o&nbsp;<a href=\"https:\/\/mundodascriancasjundiai.com.br\/\" target=\"_blank\" rel=\"noreferrer noopener\">Mundo das Crian\u00e7as<\/a>, a&nbsp;<a href=\"https:\/\/cultura.jundiai.sp.gov.br\/espacos-culturais\/fabrica-das-infancias-japy\/\" target=\"_blank\" rel=\"noreferrer noopener\">F\u00e1brica das Inf\u00e2ncias Japy<\/a>&nbsp;e o Centro Internacional de Estudos, Mem\u00f3rias e Pesquisas da Inf\u00e2ncia (CIEMPI).<\/p>\n\n\n\n<p>A comitiva visitou tamb\u00e9m a Cl\u00ednica da Fam\u00edlia da vila Hortol\u00e2ndia, onde puderam conferir a plataforma \u201cAlertas Primeira Inf\u00e2ncia\u201d re\u00fane informa\u00e7\u00f5es intersetoriais sobre crian\u00e7as e gestantes e identifica quais est\u00e3o em situa\u00e7\u00e3o de vulnerabilidade por meio de alertas e indicadores.<\/p>\n\n\n\n<figure class=\"wp-block-image size-large\"><img loading=\"lazy\" decoding=\"async\" width=\"1200\" height=\"800\" src=\"https:\/\/tvtecjundiai.com.br\/news\/wp-content\/uploads\/sites\/2\/2022\/10\/reuniao_gabinete_bernard_van_leer-pa-32-1200x800.jpg\" alt=\"\" class=\"wp-image-99185\" srcset=\"https:\/\/tvtecjundiai.com.br\/news\/wp-content\/uploads\/sites\/2\/2022\/10\/reuniao_gabinete_bernard_van_leer-pa-32-1200x800.jpg 1200w, https:\/\/tvtecjundiai.com.br\/news\/wp-content\/uploads\/sites\/2\/2022\/10\/reuniao_gabinete_bernard_van_leer-pa-32-300x200.jpg 300w, https:\/\/tvtecjundiai.com.br\/news\/wp-content\/uploads\/sites\/2\/2022\/10\/reuniao_gabinete_bernard_van_leer-pa-32-768x512.jpg 768w, https:\/\/tvtecjundiai.com.br\/news\/wp-content\/uploads\/sites\/2\/2022\/10\/reuniao_gabinete_bernard_van_leer-pa-32.jpg 1280w\" sizes=\"auto, (max-width: 1200px) 100vw, 1200px\" \/><figcaption>O objetivo do encontro foi realizar balan\u00e7o das interven\u00e7\u00f5es j\u00e1 realizadas por Jundia\u00ed e convidar os munic\u00edpios para o encontro do ano que vem<\/figcaption><\/figure>\n\n\n\n<p>Tamb\u00e9m participaram do encontro organiza\u00e7\u00f5es parceiras da Funda\u00e7\u00e3o Bernard van Leer, como o Instituto Alana, o Ateli\u00ea Navio e o Centro de Cria\u00e7\u00e3o de Imagem Popular (Cecip). Ursula Troncoso, fundadora do Ateli\u00ea Navio apresentou um balan\u00e7o das interven\u00e7\u00f5es do conceito Urban95 principalmente em bairros como a vila Arens &#8211; onde se encontram a F\u00e1brica das Inf\u00e2ncias Japy e seu Parque Naturalizado -, jardins S\u00e3o Camilo e Novo Horizonte, al\u00e9m de apresentar as propostas de \u00c1rea da Inf\u00e2ncia e as Ruas de Brincar.<\/p>\n\n\n\n<p>\u201cUm dos princ\u00edpios que norteiam nosso trabalho na Prefeitura \u00e9 o senso de execu\u00e7\u00e3o, de transformar as boas ideias em pr\u00e1tica. E com a pol\u00edtica para a Primeira Inf\u00e2ncia n\u00e3o poderia ser diferente, perpassando pelo olhar intersetorial das Unidades de Gest\u00e3o do nosso governo de plataforma. Espero que aproveitem muito a visita e que participem do Encontro do ano que vem\u201d, comentou Luiz Fernando, ap\u00f3s dar as boas-vindas aos convidados<\/p>\n\n\n\n<p>A representante da Funda\u00e7\u00e3o Bernard van Leer no Brasil, Claudia Vidigal, classificou Jundia\u00ed como exemplo e refer\u00eancia. \u201cEste \u00e9 um encontro para mostrar aos parceiros da Rede Urban95 o que Jundia\u00ed tem implementado e, dessa forma, inspir\u00e1-los. Mais do que um projeto, Jundia\u00ed tem levado adiante, por meio de seu programa Cidade das Crian\u00e7as, uma mudan\u00e7a de olhar para a crian\u00e7a por meio da intersetorialidade de suas a\u00e7\u00f5es. Queremos que Jundia\u00ed seja mesmo um holofote para outras cidades e esperamos que o encontro do ano que vem seja a demonstra\u00e7\u00e3o de tudo o que pode ser feito\u201d.<\/p>\n\n\n\n<p>O gestor de Cultura, Marcelo Peroni, um dos interlocutores da Prefeitura pelo programa Cidade das Crian\u00e7as, ressaltou a import\u00e2ncia dos parceiros. \u201cNeste encontro reunimos importantes parceiros, que trazem um olhar e um conceito fundamentais para a transforma\u00e7\u00e3o que buscamos, por meio da escuta da crian\u00e7a e da intesetorialidade, algo que j\u00e1 era proposto pelo governo desde 2017, com a cria\u00e7\u00e3o do Grupo de Trabalho Crian\u00e7a na Cidade, e que tem se potencializado ao longo destes anos\u201d.<\/p>\n\n\n\n<p>Um dos visitantes presentes foi o coordenador-geral do comit\u00ea da Primeira Inf\u00e2ncia Campineira (PIC), Thiago Ferrari, que elogiou o trabalho desenvolvido pela Prefeitura. \u201cEm Jundia\u00ed, mais do que a coloca\u00e7\u00e3o em pr\u00e1tica de um projeto pela Inf\u00e2ncia, eu vejo uma mudan\u00e7a de cultura, a forma\u00e7\u00e3o de um legado. E \u00e9 isso que inspira\u201d, elogiou.<\/p>\n\n\n\n<p>Tamb\u00e9m participaram do encontro os gestores da Casa Civil, Gustavo Maryssael de Campos; de Governo e Finan\u00e7as, Jos\u00e9 Antonio Parimoschi; de Assist\u00eancia e Desenvolvimento Social, Maria Brant; e a gestora-adjunta de Educa\u00e7\u00e3o, T\u00e2nia Gurgel.<\/p>\n\n\n\n<p><em><strong>(Fonte\/Imagem: Prefeitura de Jundia\u00ed)<\/strong><\/em><\/p>\n","protected":false},"excerpt":{"rendered":"<p>O prefeito Luiz Fernando recebeu representantes de Campinas, Mogi das Cruzes e S\u00e3o Jos\u00e9 dos Campos<\/p>\n","protected":false},"author":30,"featured_media":99185,"comment_status":"closed","ping_status":"0","sticky":false,"template":"","format":"standard","meta":{"footnotes":""},"categories":[8357,8356,1],"tags":[],"class_list":["post-99184","post","type-post","status-publish","format-standard","has-post-thumbnail","hentry","category-gestao","category-jundiai","category-noticias"],"_links":{"self":[{"href":"https:\/\/tvtecjundiai.com.br\/news\/wp-json\/wp\/v2\/posts\/99184","targetHints":{"allow":["GET"]}}],"collection":[{"href":"https:\/\/tvtecjundiai.com.br\/news\/wp-json\/wp\/v2\/posts"}],"about":[{"href":"https:\/\/tvtecjundiai.com.br\/news\/wp-json\/wp\/v2\/types\/post"}],"author":[{"embeddable":true,"href":"https:\/\/tvtecjundiai.com.br\/news\/wp-json\/wp\/v2\/users\/30"}],"replies":[{"embeddable":true,"href":"https:\/\/tvtecjundiai.com.br\/news\/wp-json\/wp\/v2\/comments?post=99184"}],"version-history":[{"count":1,"href":"https:\/\/tvtecjundiai.com.br\/news\/wp-json\/wp\/v2\/posts\/99184\/revisions"}],"predecessor-version":[{"id":99186,"href":"https:\/\/tvtecjundiai.com.br\/news\/wp-json\/wp\/v2\/posts\/99184\/revisions\/99186"}],"wp:featuredmedia":[{"embeddable":true,"href":"https:\/\/tvtecjundiai.com.br\/news\/wp-json\/wp\/v2\/media\/99185"}],"wp:attachment":[{"href":"https:\/\/tvtecjundiai.com.br\/news\/wp-json\/wp\/v2\/media?parent=99184"}],"wp:term":[{"taxonomy":"category","embeddable":true,"href":"https:\/\/tvtecjundiai.com.br\/news\/wp-json\/wp\/v2\/categories?post=99184"},{"taxonomy":"post_tag","embeddable":true,"href":"https:\/\/tvtecjundiai.com.br\/news\/wp-json\/wp\/v2\/tags?post=99184"}],"curies":[{"name":"wp","href":"https:\/\/api.w.org\/{rel}","templated":true}]}}