{"id":99215,"date":"2022-10-04T14:24:06","date_gmt":"2022-10-04T17:24:06","guid":{"rendered":"https:\/\/tvtecjundiai.com.br\/news\/?p=99215"},"modified":"2022-10-04T14:24:13","modified_gmt":"2022-10-04T17:24:13","slug":"artista-jundiaiense-e-apontada-como-revelacao-na-europa","status":"publish","type":"post","link":"https:\/\/tvtecjundiai.com.br\/news\/2022\/10\/04\/artista-jundiaiense-e-apontada-como-revelacao-na-europa\/","title":{"rendered":"Artista jundiaiense\u00a0\u00e9 apontada como revela\u00e7\u00e3o na Europa"},"content":{"rendered":"\n<p>A artista pl\u00e1stica Ana Goulart encontra-se na Europa a todo vapor em suas exposi\u00e7\u00f5es. A jovem realizou mostras na It\u00e1lia, Alemanha e Su\u00ed\u00e7a, com sucesso de p\u00fablico e vendas.<\/p>\n\n\n\n<p>Apontada como revela\u00e7\u00e3o, Ana aumenta seu portfolio de clientes com novos apreciadores europeus, que se encantaram com o trabalho da jundiaiense. Sempre sob supervis\u00e3o e curadoria de Sandra Setti, a artista mant\u00e9m um fluxo constante de exposi\u00e7\u00f5es no Brasil e agora na Europa, com convites para que, no ano que vem, retorne ao antigo continente, inclusive em outros pa\u00edses.<\/p>\n\n\n\n<p>Na Alemanha, o cr\u00edtico de arte Siegfried M. Rath abriu a exposi\u00e7\u00e3o com elogios ao trabalho de Ana e um renomado colecionador adquiriu uma de suas obras. Os investidores europeus est\u00e3o de olho na promissora artista e o mercado se movimenta em rela\u00e7\u00e3o ao seu trabalho.<\/p>\n\n\n\n<figure class=\"wp-block-image size-large\"><img loading=\"lazy\" decoding=\"async\" width=\"1200\" height=\"801\" src=\"https:\/\/tvtecjundiai.com.br\/news\/wp-content\/uploads\/sites\/2\/2022\/10\/Ana-Goulart-na-Europa-setembro-2022-1200x801.jpg\" alt=\"\" class=\"wp-image-99216\" srcset=\"https:\/\/tvtecjundiai.com.br\/news\/wp-content\/uploads\/sites\/2\/2022\/10\/Ana-Goulart-na-Europa-setembro-2022-1200x801.jpg 1200w, https:\/\/tvtecjundiai.com.br\/news\/wp-content\/uploads\/sites\/2\/2022\/10\/Ana-Goulart-na-Europa-setembro-2022-300x200.jpg 300w, https:\/\/tvtecjundiai.com.br\/news\/wp-content\/uploads\/sites\/2\/2022\/10\/Ana-Goulart-na-Europa-setembro-2022-768x512.jpg 768w, https:\/\/tvtecjundiai.com.br\/news\/wp-content\/uploads\/sites\/2\/2022\/10\/Ana-Goulart-na-Europa-setembro-2022.jpg 1280w\" sizes=\"auto, (max-width: 1200px) 100vw, 1200px\" \/><\/figure>\n\n\n\n<p>Na Su\u00ed\u00e7a, Ana foi mat\u00e9ria da revista \u201c Maisons et Ambiances\u201d ganhando uma p\u00e1gina falando sobre sua arte e sua carreira. Eles destacam a forma como ela enxerga a realidade e a transporta para as telas.<\/p>\n\n\n\n<p>A nova fase de Ana Goulart, denominada \u201cfigurativo fant\u00e1stico\u201d, mescla imagens destorcidas da realidade e abstratos impregnados de textura e identidade pr\u00f3pria.<\/p>\n\n\n\n<p>\u201cA artista consegue mesclar racioc\u00ednio e t\u00e9cnica para apresentar sua vis\u00e3o das situa\u00e7\u00f5es. Tamb\u00e9m se comunica de forma \u00fanica em quest\u00f5es filos\u00f3ficas interpretando e expressando, \u00e0 sua maneira, por interm\u00e9dio da arte, a vida do Ser Humano. Sua comunica\u00e7\u00e3o visual surpreende pela flu\u00eancia de cores e harmonia entre o fazer e o sentir, levando o apreciador a uma contempla\u00e7\u00e3o subjetiva e anal\u00edtica\u201d, ressalta Sandra Setti.<\/p>\n\n\n\n<p><strong><em>(Fonte\/Imagem: SG Assessoria em Comunica\u00e7\u00e3o)<\/em><\/strong><\/p>\n","protected":false},"excerpt":{"rendered":"<p>A artista pl\u00e1stica Ana Goulart realizou mostras na It\u00e1lia, Alemanha e Su\u00ed\u00e7a, com sucesso de p\u00fablico e vendas.<\/p>\n","protected":false},"author":27,"featured_media":99217,"comment_status":"closed","ping_status":"0","sticky":false,"template":"","format":"standard","meta":{"footnotes":""},"categories":[8356],"tags":[],"class_list":["post-99215","post","type-post","status-publish","format-standard","has-post-thumbnail","hentry","category-jundiai"],"_links":{"self":[{"href":"https:\/\/tvtecjundiai.com.br\/news\/wp-json\/wp\/v2\/posts\/99215","targetHints":{"allow":["GET"]}}],"collection":[{"href":"https:\/\/tvtecjundiai.com.br\/news\/wp-json\/wp\/v2\/posts"}],"about":[{"href":"https:\/\/tvtecjundiai.com.br\/news\/wp-json\/wp\/v2\/types\/post"}],"author":[{"embeddable":true,"href":"https:\/\/tvtecjundiai.com.br\/news\/wp-json\/wp\/v2\/users\/27"}],"replies":[{"embeddable":true,"href":"https:\/\/tvtecjundiai.com.br\/news\/wp-json\/wp\/v2\/comments?post=99215"}],"version-history":[{"count":1,"href":"https:\/\/tvtecjundiai.com.br\/news\/wp-json\/wp\/v2\/posts\/99215\/revisions"}],"predecessor-version":[{"id":99218,"href":"https:\/\/tvtecjundiai.com.br\/news\/wp-json\/wp\/v2\/posts\/99215\/revisions\/99218"}],"wp:featuredmedia":[{"embeddable":true,"href":"https:\/\/tvtecjundiai.com.br\/news\/wp-json\/wp\/v2\/media\/99217"}],"wp:attachment":[{"href":"https:\/\/tvtecjundiai.com.br\/news\/wp-json\/wp\/v2\/media?parent=99215"}],"wp:term":[{"taxonomy":"category","embeddable":true,"href":"https:\/\/tvtecjundiai.com.br\/news\/wp-json\/wp\/v2\/categories?post=99215"},{"taxonomy":"post_tag","embeddable":true,"href":"https:\/\/tvtecjundiai.com.br\/news\/wp-json\/wp\/v2\/tags?post=99215"}],"curies":[{"name":"wp","href":"https:\/\/api.w.org\/{rel}","templated":true}]}}