{"id":99219,"date":"2022-10-04T15:15:08","date_gmt":"2022-10-04T18:15:08","guid":{"rendered":"https:\/\/tvtecjundiai.com.br\/news\/?p=99219"},"modified":"2022-10-04T15:15:13","modified_gmt":"2022-10-04T18:15:13","slug":"hospital-universitario-de-jundiai-comemora-19-anos","status":"publish","type":"post","link":"https:\/\/tvtecjundiai.com.br\/news\/2022\/10\/04\/hospital-universitario-de-jundiai-comemora-19-anos\/","title":{"rendered":"Hospital Universit\u00e1rio de Jundia\u00ed comemora 19 anos"},"content":{"rendered":"\n<p>Atender com amor, respeito e humaniza\u00e7\u00e3o \u00e9 meta di\u00e1ria do Hospital Universit\u00e1rio de Jundia\u00ed (HU). Inaugurado em 03 de outubro de 2003, por meio de uma parceria entre a Faculdade de Medicina de Jundia\u00ed (FMJ) e o Poder P\u00fablico, o Hospital Universit\u00e1rio (HU) \u00e9 refer\u00eancia em atendimento materno-infantil para Jundia\u00ed e as cidades da regi\u00e3o, tais como V\u00e1rzea Paulista, Campo Limpo Paulista, Louveira, Cabre\u00fava, Itupeva e Jarinu.<\/p>\n\n\n\n<p>A infraestrutura do HU contempla atualmente 134 leitos, divididos nas alas de Maternidade e Pediatria, UTI Neonatal, UTI Pedi\u00e1trica, UTI Adulto, Cl\u00ednica Geral e Centro Cir\u00fargico e possui cerca de 900 profissionais.<\/p>\n\n\n\n<p>Para comemorar 19 anos, a comiss\u00e3o de humaniza\u00e7\u00e3o, eventos e voluntariado preparou um almo\u00e7o e um jantar especial com tema de churrasco. O refeit\u00f3rio ficou movimentado durante todo o tempo que foi servido a refei\u00e7\u00e3o que teve como sobremesa picol\u00e9s doado pela Empresa Cream Color. Para encerrar as atividades, uma missa em A\u00e7\u00e3o de Gra\u00e7as ser\u00e1 realizada no dia 07 (sexta-feira), \u00e0s 10h, no anfiteatro pelo padre Leandro Megeto da Par\u00f3quia Nova Jerusal\u00e9m.<\/p>\n\n\n\n<p>\u201cA comemora\u00e7\u00e3o do anivers\u00e1rio de 19 anos do HU \u00e9 uma maneira de integrar as equipes e de demonstrar a import\u00e2ncia de cada um para o nosso time. A institui\u00e7\u00e3o est\u00e1 sempre preocupada com a assist\u00eancia prestada, e podemos dizer que os nossos profissionais s\u00e3o comprometidos com os nossos pacientes\u201d, comentou a gerente assistencial e qualidade do HU e presidente da comiss\u00e3o de Humaniza\u00e7\u00e3o, ventos e voluntariado. Renata Gentil.<\/p>\n\n\n\n<figure class=\"wp-block-image size-large\"><img loading=\"lazy\" decoding=\"async\" width=\"1200\" height=\"795\" src=\"https:\/\/tvtecjundiai.com.br\/news\/wp-content\/uploads\/sites\/2\/2022\/10\/278453222_5006586802751861_7926054858259722777_n-1200x795.jpg\" alt=\"\" class=\"wp-image-99220\" srcset=\"https:\/\/tvtecjundiai.com.br\/news\/wp-content\/uploads\/sites\/2\/2022\/10\/278453222_5006586802751861_7926054858259722777_n-1200x795.jpg 1200w, https:\/\/tvtecjundiai.com.br\/news\/wp-content\/uploads\/sites\/2\/2022\/10\/278453222_5006586802751861_7926054858259722777_n-300x199.jpg 300w, https:\/\/tvtecjundiai.com.br\/news\/wp-content\/uploads\/sites\/2\/2022\/10\/278453222_5006586802751861_7926054858259722777_n-768x509.jpg 768w, https:\/\/tvtecjundiai.com.br\/news\/wp-content\/uploads\/sites\/2\/2022\/10\/278453222_5006586802751861_7926054858259722777_n.jpg 1280w\" sizes=\"auto, (max-width: 1200px) 100vw, 1200px\" \/><\/figure>\n\n\n\n<p>Para a enfermeira Tatiane Donola, O HU possui um tratamento de excel\u00eancia. \u201cEstou na institui\u00e7\u00e3o a oito anos e aprendi muito. Assim que me formei, consegui emprego aqui e sou muito agradecida ao hospital, e hoje com esse almo\u00e7o de churrasco \u00e9 um reconhecimento ao profissional\u201d.<\/p>\n\n\n\n<p>Para o supervisor de manuten\u00e7\u00e3o, Luiz Batista, com 16 anos de casa, o hospital cresceu muito. \u201cHoje, o HU \u00e9 refer\u00eancia em atendimento e em equipamento. Acompanhei toda a moderniza\u00e7\u00e3o! Tenho orgulho de falar que fa\u00e7o parte da equipe do HU\u201d.<\/p>\n\n\n\n<p>O Hospital Universit\u00e1rio possui a certifica\u00e7\u00e3o &#8220;Acreditado Pleno&#8221;, concedida pela Organiza\u00e7\u00e3o Nacional de Acredita\u00e7\u00e3o (ONA). Este n\u00edvel do selo refor\u00e7a o reconhecimento e comprova que nosso hospital garante a seguran\u00e7a do paciente, considerando a estrutura f\u00edsica, os recursos humanos, os equipamentos, os fluxos de trabalho, os protocolos cl\u00ednicos e registros ainda mais confi\u00e1veis.<\/p>\n\n\n\n<p><strong><em>(Fonte\/Imagem: Hospital Universit\u00e1rio de Jundia\u00ed)<\/em><\/strong><\/p>\n","protected":false},"excerpt":{"rendered":"<p>Para comemorar 19 anos, a comiss\u00e3o de humaniza\u00e7\u00e3o, eventos e voluntariado preparou um almo\u00e7o e um jantar especial.<\/p>\n","protected":false},"author":27,"featured_media":99220,"comment_status":"closed","ping_status":"0","sticky":false,"template":"","format":"standard","meta":{"footnotes":""},"categories":[8356,8355],"tags":[],"class_list":["post-99219","post","type-post","status-publish","format-standard","has-post-thumbnail","hentry","category-jundiai","category-saude-3"],"_links":{"self":[{"href":"https:\/\/tvtecjundiai.com.br\/news\/wp-json\/wp\/v2\/posts\/99219","targetHints":{"allow":["GET"]}}],"collection":[{"href":"https:\/\/tvtecjundiai.com.br\/news\/wp-json\/wp\/v2\/posts"}],"about":[{"href":"https:\/\/tvtecjundiai.com.br\/news\/wp-json\/wp\/v2\/types\/post"}],"author":[{"embeddable":true,"href":"https:\/\/tvtecjundiai.com.br\/news\/wp-json\/wp\/v2\/users\/27"}],"replies":[{"embeddable":true,"href":"https:\/\/tvtecjundiai.com.br\/news\/wp-json\/wp\/v2\/comments?post=99219"}],"version-history":[{"count":1,"href":"https:\/\/tvtecjundiai.com.br\/news\/wp-json\/wp\/v2\/posts\/99219\/revisions"}],"predecessor-version":[{"id":99221,"href":"https:\/\/tvtecjundiai.com.br\/news\/wp-json\/wp\/v2\/posts\/99219\/revisions\/99221"}],"wp:featuredmedia":[{"embeddable":true,"href":"https:\/\/tvtecjundiai.com.br\/news\/wp-json\/wp\/v2\/media\/99220"}],"wp:attachment":[{"href":"https:\/\/tvtecjundiai.com.br\/news\/wp-json\/wp\/v2\/media?parent=99219"}],"wp:term":[{"taxonomy":"category","embeddable":true,"href":"https:\/\/tvtecjundiai.com.br\/news\/wp-json\/wp\/v2\/categories?post=99219"},{"taxonomy":"post_tag","embeddable":true,"href":"https:\/\/tvtecjundiai.com.br\/news\/wp-json\/wp\/v2\/tags?post=99219"}],"curies":[{"name":"wp","href":"https:\/\/api.w.org\/{rel}","templated":true}]}}