{"id":99229,"date":"2022-10-04T16:59:16","date_gmt":"2022-10-04T19:59:16","guid":{"rendered":"https:\/\/tvtecjundiai.com.br\/news\/?p=99229"},"modified":"2022-10-04T16:59:19","modified_gmt":"2022-10-04T19:59:19","slug":"encontro-de-corais-de-jundiai-chega-a-sua-33a-edicao","status":"publish","type":"post","link":"https:\/\/tvtecjundiai.com.br\/news\/2022\/10\/04\/encontro-de-corais-de-jundiai-chega-a-sua-33a-edicao\/","title":{"rendered":"Encontro de Corais de Jundia\u00ed chega \u00e0 sua 33\u00aa edi\u00e7\u00e3o"},"content":{"rendered":"\n<p>Promovido pela Unidade de Gest\u00e3o de Cultura (UGC), o tradicional&nbsp;<a href=\"https:\/\/cultura.jundiai.sp.gov.br\/encontrodecorais\/\" target=\"_blank\" rel=\"noreferrer noopener\">Encontro de Corais de Jundia\u00ed chega este ano \u00e0 sua 33\u00aa edi\u00e7\u00e3o<\/a>, com programa\u00e7\u00e3o gratuita e em diversos pontos da cidade, entre os dias 18 e 30 de outubro. Entre as atra\u00e7\u00f5es confirmadas est\u00e3o as apresenta\u00e7\u00f5es dos grupos inscritos, oficinas e workshops, al\u00e9m de shows musicais e outras atividades culturais tem\u00e1ticas.<\/p>\n\n\n\n<p>Para esta edi\u00e7\u00e3o, o Encontro contou com as inscri\u00e7\u00f5es de 38 corais \u2013 dos quais, 27 s\u00e3o de Jundia\u00ed e 11 de outros Munic\u00edpios -, que totalizar\u00e3o cerca de mil coralistas participantes.<\/p>\n\n\n\n<p>As apresenta\u00e7\u00f5es come\u00e7am na ter\u00e7a-feira (18), \u00e0s 20h, no Centro Comunit\u00e1rio da Vila Hortol\u00e2ndia. A programa\u00e7\u00e3o segue em outros palcos da cidade, com apresenta\u00e7\u00f5es no Maxi Shopping, entre os dias 19 e 23 em diversos hor\u00e1rios; na Emeb Carlos Foot Guimar\u00e3es, no Jardim Santa Gertrudes, no dia 25, \u00e0s 20h; e na Emeb Professora Beatriz Blattner Pupo, no Jardim Novo Horizonte, no dia 26, tamb\u00e9m \u00e0s 20h.<\/p>\n\n\n\n<p><a href=\"https:\/\/cultura.jundiai.sp.gov.br\/encontrodecorais\/apresentacoes-de-corais-inscritos\/\" target=\"_blank\" rel=\"noreferrer noopener\">CONFIRA OS DETALHES DA PROGRAMA\u00c7\u00c3O<\/a><\/p>\n\n\n\n<figure class=\"wp-block-image\"><img decoding=\"async\" src=\"https:\/\/jundiai.sp.gov.br\/noticias\/wp-content\/uploads\/sites\/32\/2022\/10\/encontro_de_corais_maxi_shopping_20_10-10-1280x960.jpeg\" alt=\"\" class=\"wp-image-302770\" \/><figcaption>O Maxi Shopping volta a ser palco das apresenta\u00e7\u00f5es do Encontro<\/figcaption><\/figure>\n\n\n\n<p>Ao palco do Teatro Polytheama a programa\u00e7\u00e3o chega no dia 27 e vai at\u00e9 o fim do Encontro, em seis apresenta\u00e7\u00f5es em hor\u00e1rios diversos. No s\u00e1bado (29), a programa\u00e7\u00e3o traz ainda, \u00e0s 16h, um show especial com o grupo Tiquequ\u00ea e o Coral Infantojuvenil Cidade das Crian\u00e7as, corpo art\u00edstico ligado \u00e0 UGC. Para a programa\u00e7\u00e3o no teatro,&nbsp;<a href=\"https:\/\/www.sympla.com.br\/eventos?s=polytheama&amp;tab=eventos&amp;ordem=date\" target=\"_blank\" rel=\"noreferrer noopener\">os ingressos gratuitos ficar\u00e3o dispon\u00edveis pela plataforma Sympla \u00e0s 10h30 do dia anterior a cada apresenta\u00e7\u00e3o<\/a>.<\/p>\n\n\n\n<p><strong>Mais programa\u00e7\u00e3o<\/strong><br>Como proposta formativa, o 33\u00ba Encontro de Corais traz ainda&nbsp;<a href=\"https:\/\/cultura.jundiai.sp.gov.br\/encontrodecorais\/oficinas-e-workshops\/\" target=\"_blank\" rel=\"noreferrer noopener\">oficinas e workshops gratuitos<\/a>, na Sala dos Rel\u00f3gios do Espa\u00e7o Expressa (antigo Complexo Fepasa).<\/p>\n\n\n\n<p>No primeiro fim de semana de programa\u00e7\u00e3o tem, no s\u00e1bado (22), \u00e0s 10h, a&nbsp;<a href=\"https:\/\/docs.google.com\/forms\/d\/e\/1FAIpQLSdBkER-JtKt6vRp3CBOkAd7SgSSgYL6HleQ1iOlTjPQEg9-yw\/viewform\" target=\"_blank\" rel=\"noreferrer noopener\">oficina de Teatro Musical, com Paulo Grossi<\/a>, e no domingo (23), \u00e0s 11h, a&nbsp;<a href=\"https:\/\/docs.google.com\/forms\/d\/e\/1FAIpQLSeetjBKJeGYHsKpC1t6QcOrk3zEn2O0O3GLH19Ij30iN2b16g\/viewform\" target=\"_blank\" rel=\"noreferrer noopener\">oficina de Autoconhecimento e Estrutura\u00e7\u00e3o Corporal, com Carla Castro<\/a>.<\/p>\n\n\n\n<p>J\u00e1 o \u00faltimo fim de semana traz, no s\u00e1bado (29), a&nbsp;<a rel=\"noreferrer noopener\" href=\"https:\/\/docs.google.com\/forms\/d\/e\/1FAIpQLSct_j0eamzgYIkorUfAq7XZ2ESygI2f3aA0-DT_uMjjuNnGmg\/viewform\" target=\"_blank\">oficina de Interpreta\u00e7\u00e3o da can\u00e7\u00e3o popular em forma\u00e7\u00e3o coral, com Luis Anselmi<\/a>, \u00e0s 10h; e a&nbsp;<a href=\"https:\/\/docs.google.com\/forms\/d\/e\/1FAIpQLSfkZezV_ZLHTQ3Rg8Fo0ed_5ls2kxQqGE9RO_Ns8Qa2YAKCsw\/viewform\" target=\"_blank\" rel=\"noreferrer noopener\">oficina de M\u00fasica Antiga, com Marco Ant\u00f4nio de Almeida Cunha<\/a>, a partir das 14h.<\/p>\n\n\n\n<p>Os interessados devem ser maiores de 16 anos e realizar inscri\u00e7\u00e3o gratuita por meio de formul\u00e1rio on-line. Cada uma das atividades tem 30 vagas dispon\u00edveis.<\/p>\n\n\n\n<figure class=\"wp-block-image\"><img decoding=\"async\" src=\"https:\/\/jundiai.sp.gov.br\/noticias\/wp-content\/uploads\/sites\/32\/2022\/10\/coral_polytheama-1.jpg\" alt=\"\" class=\"wp-image-302771\" \/><figcaption>No Teatro Polytheama, as apresenta\u00e7\u00f5es v\u00e3o de 27 a 30 de outubro<\/figcaption><\/figure>\n\n\n\n<p><strong><em>(Fonte\/Imagem: Prefeitura de Jundia\u00ed)<\/em><\/strong><\/p>\n","protected":false},"excerpt":{"rendered":"<p>A programa\u00e7\u00e3o gratuita e em diversos pontos da cidade, acontece entre os dias 18 e 30 de outubro.<\/p>\n","protected":false},"author":27,"featured_media":99231,"comment_status":"closed","ping_status":"0","sticky":false,"template":"","format":"standard","meta":{"footnotes":""},"categories":[8356],"tags":[],"class_list":["post-99229","post","type-post","status-publish","format-standard","has-post-thumbnail","hentry","category-jundiai"],"_links":{"self":[{"href":"https:\/\/tvtecjundiai.com.br\/news\/wp-json\/wp\/v2\/posts\/99229","targetHints":{"allow":["GET"]}}],"collection":[{"href":"https:\/\/tvtecjundiai.com.br\/news\/wp-json\/wp\/v2\/posts"}],"about":[{"href":"https:\/\/tvtecjundiai.com.br\/news\/wp-json\/wp\/v2\/types\/post"}],"author":[{"embeddable":true,"href":"https:\/\/tvtecjundiai.com.br\/news\/wp-json\/wp\/v2\/users\/27"}],"replies":[{"embeddable":true,"href":"https:\/\/tvtecjundiai.com.br\/news\/wp-json\/wp\/v2\/comments?post=99229"}],"version-history":[{"count":1,"href":"https:\/\/tvtecjundiai.com.br\/news\/wp-json\/wp\/v2\/posts\/99229\/revisions"}],"predecessor-version":[{"id":99232,"href":"https:\/\/tvtecjundiai.com.br\/news\/wp-json\/wp\/v2\/posts\/99229\/revisions\/99232"}],"wp:featuredmedia":[{"embeddable":true,"href":"https:\/\/tvtecjundiai.com.br\/news\/wp-json\/wp\/v2\/media\/99231"}],"wp:attachment":[{"href":"https:\/\/tvtecjundiai.com.br\/news\/wp-json\/wp\/v2\/media?parent=99229"}],"wp:term":[{"taxonomy":"category","embeddable":true,"href":"https:\/\/tvtecjundiai.com.br\/news\/wp-json\/wp\/v2\/categories?post=99229"},{"taxonomy":"post_tag","embeddable":true,"href":"https:\/\/tvtecjundiai.com.br\/news\/wp-json\/wp\/v2\/tags?post=99229"}],"curies":[{"name":"wp","href":"https:\/\/api.w.org\/{rel}","templated":true}]}}