{"id":99247,"date":"2022-10-05T09:45:12","date_gmt":"2022-10-05T12:45:12","guid":{"rendered":"https:\/\/tvtecjundiai.com.br\/news\/?p=99247"},"modified":"2022-10-05T09:45:17","modified_gmt":"2022-10-05T12:45:17","slug":"geresol-fecha-parceria-com-centro-de-detencao-provisoria-para-tratamento-de-lixo-reciclavel","status":"publish","type":"post","link":"https:\/\/tvtecjundiai.com.br\/news\/2022\/10\/05\/geresol-fecha-parceria-com-centro-de-detencao-provisoria-para-tratamento-de-lixo-reciclavel\/","title":{"rendered":"Geresol fecha parceria com Centro de Deten\u00e7\u00e3o Provis\u00f3ria para tratamento de lixo recicl\u00e1vel"},"content":{"rendered":"\n<p>O Centro de Gerenciamento de Res\u00edduos S\u00f3lidos (Geresol) fechou uma parceria in\u00e9dita com o Centro de Deten\u00e7\u00e3o Provis\u00f3ria (CDP), para separa\u00e7\u00e3o, coleta e destina\u00e7\u00e3o correta do lixo recicl\u00e1vel produzido na unidade. Segundo o Diretor do CDP, Alexandre Apolin\u00e1rio mensalmente s\u00e3o acumulados em torno de 24 toneladas de res\u00edduos, sendo 80% \u2013 ou 19 toneladas \u2013 deste montante recicl\u00e1vel.<\/p>\n\n\n\n<p>\u201cOs principais res\u00edduos acumulados s\u00e3o pl\u00e1sticos de garrafas PET e pap\u00e9is. Acredito que essa iniciativa \u00e9 fundamental para contribuir com o meio ambiente e levar aos detentos uma educa\u00e7\u00e3o ambiental que poder\u00e1 ser multiplicada no momento em que eles forem ressocializados\u201d, comenta Alexandre.<\/p>\n\n\n\n<figure class=\"wp-block-image\"><img decoding=\"async\" src=\"https:\/\/jundiai.sp.gov.br\/noticias\/wp-content\/uploads\/sites\/32\/2022\/10\/geresol-curso-de-capacitacao-para-coleta-reciclavel-no-cdp_fm_-51.jpg\" alt=\"\" class=\"wp-image-302729\" \/><figcaption>Contentores foram doados pela Prefeitura de Jundia\u00ed ao Centro de Deten\u00e7\u00e3o Provis\u00f3ria<\/figcaption><\/figure>\n\n\n\n<p>A iniciativa leva o nome de PICS \u2013 Programa Interno de Coleta Seletiva. Al\u00e9m dos 1347 detentos, os funcion\u00e1rios tamb\u00e9m ir\u00e3o participar da coleta. \u201c\u00c9 uma iniciativa muito importante. Fa\u00e7o a reciclagem em casa e saber que o lixo que produzimos no trabalho tamb\u00e9m ter\u00e1 o descarte correto \u00e9 muito importante\u201d, diz a funcion\u00e1ria Mariana. J\u00e1 para um detento que n\u00e3o pode ser identificado, essa oportunidade \u00e9 fundamental para aprender. \u201cGeramos bastante res\u00edduos aqui e ficamos felizes de saber que agora ele ter\u00e1 o destino correto\u201d, opina.<\/p>\n\n\n\n<p>Todos passaram por um treinamento com profissionais do Geresol, na \u00faltima quinta-feira (29) e iniciaram os trabalhos na segunda-feira (3). \u201cEssa iniciativa \u00e9 louv\u00e1vel e vai ao encontro da preocupa\u00e7\u00e3o ambiental que tem Jundia\u00ed. Nessa parceria daremos todo o treinamento, a doa\u00e7\u00e3o de contentores para realizarem a coleta, al\u00e9m todo o suporte log\u00edstico de retirada. Tudo o que for produzido ser\u00e1 encaminhado ao Geresol para o fim adequado\u201d, explica o Diretor de Limpeza da Unidade de Gest\u00e3o de Infraestrutura e Servi\u00e7os P\u00fablicos (UGISP), M\u00e1rcio Moraes.<\/p>\n\n\n\n<p>Atualmente, o Geresol recebe cerca de 500 toneladas de material recicl\u00e1vel por m\u00eas. A nova quantia oriunda do CDP ir\u00e1 representar um aumento de 4% no montante. \u201cEstamos preparados e animados para lidar com essa nova demanda\u201d, afirma M\u00e1rcio.<\/p>\n\n\n\n<figure class=\"wp-block-image\"><img decoding=\"async\" src=\"https:\/\/jundiai.sp.gov.br\/noticias\/wp-content\/uploads\/sites\/32\/2022\/10\/geresol-curso-de-capacitacao-para-coleta-reciclavel-no-cdp_fm_-45.jpg\" alt=\"\" class=\"wp-image-302730\" \/><figcaption>Detentos e funcion\u00e1rios passaram por um curso de capacita\u00e7\u00e3o para realiza\u00e7\u00e3o da coleta seletiva<\/figcaption><\/figure>\n\n\n\n<p><strong>Meio Ambiente<\/strong><\/p>\n\n\n\n<p>A preocupa\u00e7\u00e3o com o meio ambiente \u00e9 um tema recorrente em Jundia\u00ed. Em 2020 a cidade se tornou integrante do Programa de Cidades do Pacto Global das Na\u00e7\u00f5es Unidas (ONU). Sendo assim, assumiu a responsabilidade de contribuir para o alcance dos 17 Objetivos de Desenvolvimento Sustent\u00e1vel (ODS) para a Agenda 2030. Dentre esses objetivos est\u00e3o presentes a preocupa\u00e7\u00e3o com o meio ambiente, mudan\u00e7as clim\u00e1ticas e o consumo sustent\u00e1vel.<\/p>\n\n\n\n<p>\u201cA preocupa\u00e7\u00e3o com o meio ambiente e as formas de reduzir o impacto ambiental s\u00e3o amplamente discutidas. A reciclagem \u00e9 uma pr\u00e1tica sustent\u00e1vel e que gera economia, portanto, iniciativas como esta s\u00e3o fundamentais para o nosso bem-estar a longo prazo. Jundia\u00ed \u00e9 a Cidade das Crian\u00e7as e construir um mundo melhor para eles \u00e9 o nosso dever para os dias de hoje\u201d, afirma o Prefeito Luiz Fernando Machado.<\/p>\n\n\n\n<p><strong><em>(Fonte\/Imagem: Prefeitura de Jundia\u00ed) <\/em><\/strong><\/p>\n","protected":false},"excerpt":{"rendered":"<p>Contentores foram doados pela Prefeitura de Jundia\u00ed ao Centro de Deten\u00e7\u00e3o Provis\u00f3ria.<\/p>\n","protected":false},"author":27,"featured_media":99248,"comment_status":"closed","ping_status":"0","sticky":false,"template":"","format":"standard","meta":{"footnotes":""},"categories":[8356],"tags":[],"class_list":["post-99247","post","type-post","status-publish","format-standard","has-post-thumbnail","hentry","category-jundiai"],"_links":{"self":[{"href":"https:\/\/tvtecjundiai.com.br\/news\/wp-json\/wp\/v2\/posts\/99247","targetHints":{"allow":["GET"]}}],"collection":[{"href":"https:\/\/tvtecjundiai.com.br\/news\/wp-json\/wp\/v2\/posts"}],"about":[{"href":"https:\/\/tvtecjundiai.com.br\/news\/wp-json\/wp\/v2\/types\/post"}],"author":[{"embeddable":true,"href":"https:\/\/tvtecjundiai.com.br\/news\/wp-json\/wp\/v2\/users\/27"}],"replies":[{"embeddable":true,"href":"https:\/\/tvtecjundiai.com.br\/news\/wp-json\/wp\/v2\/comments?post=99247"}],"version-history":[{"count":1,"href":"https:\/\/tvtecjundiai.com.br\/news\/wp-json\/wp\/v2\/posts\/99247\/revisions"}],"predecessor-version":[{"id":99249,"href":"https:\/\/tvtecjundiai.com.br\/news\/wp-json\/wp\/v2\/posts\/99247\/revisions\/99249"}],"wp:featuredmedia":[{"embeddable":true,"href":"https:\/\/tvtecjundiai.com.br\/news\/wp-json\/wp\/v2\/media\/99248"}],"wp:attachment":[{"href":"https:\/\/tvtecjundiai.com.br\/news\/wp-json\/wp\/v2\/media?parent=99247"}],"wp:term":[{"taxonomy":"category","embeddable":true,"href":"https:\/\/tvtecjundiai.com.br\/news\/wp-json\/wp\/v2\/categories?post=99247"},{"taxonomy":"post_tag","embeddable":true,"href":"https:\/\/tvtecjundiai.com.br\/news\/wp-json\/wp\/v2\/tags?post=99247"}],"curies":[{"name":"wp","href":"https:\/\/api.w.org\/{rel}","templated":true}]}}