{"id":99250,"date":"2022-10-05T11:28:07","date_gmt":"2022-10-05T14:28:07","guid":{"rendered":"https:\/\/tvtecjundiai.com.br\/news\/?p=99250"},"modified":"2022-10-05T11:35:19","modified_gmt":"2022-10-05T14:35:19","slug":"dia-das-criancas-comercio-de-jundiai-tem-horario-especial-e-atracoes-no-sabado-8","status":"publish","type":"post","link":"https:\/\/tvtecjundiai.com.br\/news\/2022\/10\/05\/dia-das-criancas-comercio-de-jundiai-tem-horario-especial-e-atracoes-no-sabado-8\/","title":{"rendered":"Dia das Crian\u00e7as: Com\u00e9rcio de Jundia\u00ed tem hor\u00e1rio especial e atra\u00e7\u00f5es no s\u00e1bado (8)"},"content":{"rendered":"\n<p>Para celebrar o Dia das Crian\u00e7as e estimular as vendas no com\u00e9rcio, a C\u00e2mara de Dirigentes Lojistas de Jundia\u00ed (CDL) e o Sindicato do Com\u00e9rcio Varejista de Jundia\u00ed e Regi\u00e3o (Sincomercio) promover\u00e3o no pr\u00f3ximo s\u00e1bado (8), os passeios gratuitos no Expresso da Alegria e atra\u00e7\u00f5es culturais na Pra\u00e7a Marechal Floriano Peixoto (Pra\u00e7a do Coreto), no Centro de Jundia\u00ed. Neste dia, o com\u00e9rcio poder\u00e1 ficar aberto at\u00e9 as 18h,&nbsp;por ser o&nbsp;primeiro s\u00e1bado do m\u00eas ap\u00f3s o quinto dia \u00fatil.<\/p>\n\n\n\n<p>Das 10h at\u00e9 as 14h,\u00a0as crian\u00e7as acompanhadas dos pais ou respons\u00e1veis\u00a0poder\u00e3o se divertir\u00a0nos\u00a0passeios gratuitos do trenzinho Expresso da Alegria,\u00a0com os personagens infantis.\u00a0J\u00e1 das 12h\u00a0\u00e0s 13h30,\u00a0com apoio\u00a0cultural do Sesc Jundia\u00ed, a divers\u00e3o est\u00e1 garantida com\u00a0a Cia. Tramp no cortejo circense &#8220;Olha o palha\u00e7o no meio da rua&#8221;, que resgata as tradicionais apresenta\u00e7\u00f5es de anuncia\u00e7\u00e3o do circo pelas ruas, com muita m\u00fasica e alegria.<\/p>\n\n\n<div class=\"wp-block-image\">\n<figure class=\"aligncenter size-full is-resized\"><img loading=\"lazy\" decoding=\"async\" src=\"https:\/\/tvtecjundiai.com.br\/news\/wp-content\/uploads\/sites\/2\/2022\/10\/dia-das-criancas-no-centro_01.jpg\" alt=\"\" class=\"wp-image-99251\" width=\"694\" height=\"431\" srcset=\"https:\/\/tvtecjundiai.com.br\/news\/wp-content\/uploads\/sites\/2\/2022\/10\/dia-das-criancas-no-centro_01.jpg 800w, https:\/\/tvtecjundiai.com.br\/news\/wp-content\/uploads\/sites\/2\/2022\/10\/dia-das-criancas-no-centro_01-300x186.jpg 300w, https:\/\/tvtecjundiai.com.br\/news\/wp-content\/uploads\/sites\/2\/2022\/10\/dia-das-criancas-no-centro_01-768x477.jpg 768w\" sizes=\"auto, (max-width: 694px) 100vw, 694px\" \/><\/figure>\n<\/div>\n\n\n<p>\u201cNosso objetivo nessa a\u00e7\u00e3o conjunta com a Associa\u00e7\u00e3o Comercial e Empresarial de Jundia\u00ed (ACE), que tamb\u00e9m estar\u00e1 com atra\u00e7\u00f5es na Pra\u00e7a da Matriz, \u00e9 promover um dia especial para as crian\u00e7as, consumidores e lojistas do com\u00e9rcio de rua. \u00c9 uma forma de oferecer entretenimento para a popula\u00e7\u00e3o de Jundia\u00ed e Regi\u00e3o e, consequentemente, fomentar as vendas nas v\u00e9speras do Dia das Crian\u00e7as e numa data em que as lojas podem funcionar em hor\u00e1rio estendido\u201d, declara Edison Maltoni, presidente da CDL e do Sincomercio Jundia\u00ed.<\/p>\n\n\n\n<p>A expectativa de vendas no com\u00e9rcio para o Dia das Crian\u00e7as, celebrado em 12 de outubro, \u00e9 positiva na avalia\u00e7\u00e3o de Maltoni. Para estimular as vendas, o presidente da CDL e do Sincomercio destaca o uso de ferramentas gratuitas, como o site <a href=\"https:\/\/jundiai.classificadosdacidade.com\" data-type=\"URL\" data-id=\"https:\/\/jundiai.classificadosdacidade.com\">Classificados Jundia\u00ed<\/a>, desenvolvido pelo Instituto de Inova\u00e7\u00e3o e Desenvolvimento Tecnol\u00f3gico (IIDETEC). \u201cA internet \u00e9 uma importante ferramenta de vendas que veio para ficar. Entre as vantagens do Classificados Jundia\u00ed \u00e9 que o pr\u00f3prio empres\u00e1rio pode disponibilizar seus produtos no site e fazer neg\u00f3cios diretamente com o consumidor\u201d, destaca Maltoni.<\/p>\n\n\n\n<p>Ele enfatiza tamb\u00e9m que em datas comemorativas \u00e9 essencial o investimento em promo\u00e7\u00f5es, facilidades de pagamento, kits de presentes, parcerias. \u201cTamb\u00e9m \u00e9 preciso apostar em vitrines com decora\u00e7\u00e3o especial e a\u00e7\u00f5es criativas para atrair a aten\u00e7\u00e3o dos filhos e dos pais. Investir em estrat\u00e9gias de marketing nas redes sociais tamb\u00e9m \u00e9 essencial para atrair os consumidores\u201d, observa.<\/p>\n\n\n\n<ul class=\"wp-block-list\"><li><strong>Dia das Crian\u00e7as na Pra\u00e7a do Coreto<\/strong><\/li><li><strong>Passeios gratuitos no Expresso da Alegria e apresenta\u00e7\u00e3o da Cia. Tramp<\/strong><\/li><li><strong>Data: <\/strong>8 de outubro<\/li><li><strong>Hor\u00e1rio:<\/strong> das 10h \u00e0s 14h<\/li><li><strong>Local:<\/strong> Pra\u00e7a Marechal Floriano Peixoto (Pra\u00e7a do Coreto)<\/li><li><strong>Realiza\u00e7\u00e3o:<\/strong> CDL Jundia\u00ed, Sincomercio e apoio cultural do Sesc Jundia\u00ed<\/li><\/ul>\n\n\n\n<p><strong><em>(Fonte\/Imagem: Sincomercio Jundia\u00ed)<\/em><\/strong><\/p>\n","protected":false},"excerpt":{"rendered":"<p>As atividades especiais v\u00e3o das 10h \u00e0s 14h e as lojas podem funcionar at\u00e9 as 18h<\/p>\n","protected":false},"author":30,"featured_media":99251,"comment_status":"closed","ping_status":"0","sticky":false,"template":"","format":"standard","meta":{"footnotes":""},"categories":[2834,8356,1],"tags":[],"class_list":["post-99250","post","type-post","status-publish","format-standard","has-post-thumbnail","hentry","category-cidades","category-jundiai","category-noticias"],"_links":{"self":[{"href":"https:\/\/tvtecjundiai.com.br\/news\/wp-json\/wp\/v2\/posts\/99250","targetHints":{"allow":["GET"]}}],"collection":[{"href":"https:\/\/tvtecjundiai.com.br\/news\/wp-json\/wp\/v2\/posts"}],"about":[{"href":"https:\/\/tvtecjundiai.com.br\/news\/wp-json\/wp\/v2\/types\/post"}],"author":[{"embeddable":true,"href":"https:\/\/tvtecjundiai.com.br\/news\/wp-json\/wp\/v2\/users\/30"}],"replies":[{"embeddable":true,"href":"https:\/\/tvtecjundiai.com.br\/news\/wp-json\/wp\/v2\/comments?post=99250"}],"version-history":[{"count":2,"href":"https:\/\/tvtecjundiai.com.br\/news\/wp-json\/wp\/v2\/posts\/99250\/revisions"}],"predecessor-version":[{"id":99253,"href":"https:\/\/tvtecjundiai.com.br\/news\/wp-json\/wp\/v2\/posts\/99250\/revisions\/99253"}],"wp:featuredmedia":[{"embeddable":true,"href":"https:\/\/tvtecjundiai.com.br\/news\/wp-json\/wp\/v2\/media\/99251"}],"wp:attachment":[{"href":"https:\/\/tvtecjundiai.com.br\/news\/wp-json\/wp\/v2\/media?parent=99250"}],"wp:term":[{"taxonomy":"category","embeddable":true,"href":"https:\/\/tvtecjundiai.com.br\/news\/wp-json\/wp\/v2\/categories?post=99250"},{"taxonomy":"post_tag","embeddable":true,"href":"https:\/\/tvtecjundiai.com.br\/news\/wp-json\/wp\/v2\/tags?post=99250"}],"curies":[{"name":"wp","href":"https:\/\/api.w.org\/{rel}","templated":true}]}}