{"id":99254,"date":"2022-10-05T12:01:20","date_gmt":"2022-10-05T15:01:20","guid":{"rendered":"https:\/\/tvtecjundiai.com.br\/news\/?p=99254"},"modified":"2022-10-05T12:01:23","modified_gmt":"2022-10-05T15:01:23","slug":"dia-das-criancas-programacao-especial-no-parque-da-cidade-e-exposicao-no-mundo","status":"publish","type":"post","link":"https:\/\/tvtecjundiai.com.br\/news\/2022\/10\/05\/dia-das-criancas-programacao-especial-no-parque-da-cidade-e-exposicao-no-mundo\/","title":{"rendered":"Dia das Crian\u00e7as: programa\u00e7\u00e3o especial no Parque da Cidade e exposi\u00e7\u00e3o no Mundo"},"content":{"rendered":"\n<p>O Dia das Crian\u00e7as vai ser muito especial tanto no Mundo das Crian\u00e7as quanto no Parque da Cidade, espa\u00e7os integrantes do complexo administrado pela DAE Jundia\u00ed.<\/p>\n\n\n\n<p>No feriado do dia 12, uma quarta-feira, o\u00a0<strong>Mundo das Crian\u00e7as<\/strong>\u00a0ter\u00e1 agendamento atrav\u00e9s do <a href=\"http:\/\/www.mundodascriancasjundiai.com.br\/agendamento\/\" data-type=\"URL\" data-id=\"http:\/\/www.mundodascriancasjundiai.com.br\/agendamento\/\">site.<\/a> A agenda para garantir a visita nesse dia ser\u00e1 aberta na pr\u00f3xima segunda (10), a partir do meio-dia. Al\u00e9m das atra\u00e7\u00f5es do parque, a Casa da \u00c1rvore tamb\u00e9m estar\u00e1 com uma exposi\u00e7\u00e3o interativa de brinquedos e brincadeiras, em cartaz at\u00e9 o final de outubro.<\/p>\n\n\n\n<p>J\u00e1 o\u00a0<strong>Parque da Cidade<\/strong>\u00a0funcionar\u00e1 at\u00e9 as 19h por conta da programa\u00e7\u00e3o especial do\u00a0<strong>Circuito das Artes<\/strong>, que come\u00e7a a partir das 9h. A realiza\u00e7\u00e3o \u00e9 do Instituto Eco Ambiental e Social, Secretaria Especial de Cultura e Minist\u00e9rio do Turismo, com patroc\u00ednio do Boa Supermercados e apoio da DAE Jundia\u00ed e Prefeitura de Jundia\u00ed, com recursos da Lei de Incentivo \u00e0 Cultura.<\/p>\n\n\n\n<p>Quem passar por l\u00e1 no dia 12 vai encontrar muitas atividades, oficinas circenses e jogos, cantigas de roda, m\u00fasica, apresenta\u00e7\u00f5es de dan\u00e7a e grupos, conta\u00e7\u00e3o de hist\u00f3rias, workshops de pintura facial, entre tantas outras atra\u00e7\u00f5es.<\/p>\n\n\n\n<p>Entre 10h e 17h, o Centro de Reabilita\u00e7\u00e3o Jundia\u00ed far\u00e1 avalia\u00e7\u00e3o postural, rastreamento da dor cr\u00f4nica e oficinas de jogos. Brinquedos infl\u00e1veis estar\u00e3o na Pra\u00e7a P\u00f4r do Sol, onde tamb\u00e9m haver\u00e1 distribui\u00e7\u00e3o gratuita de pipoca e algod\u00e3o doce.<\/p>\n\n\n\n<p>O Dia das Crian\u00e7as tamb\u00e9m contar\u00e1 com apresenta\u00e7\u00f5es de aeromodelos na pista do Parque. As exibi\u00e7\u00f5es s\u00e3o organizadas pela Associa\u00e7\u00e3o Jundiaiense de Aeromodelismo, com o j\u00e1 tradicional avi\u00e3o \u201caerobala\u201d, jogando balas durante todo o dia.<\/p>\n\n\n<div class=\"wp-block-image\">\n<figure class=\"aligncenter size-full is-resized\"><img loading=\"lazy\" decoding=\"async\" src=\"https:\/\/tvtecjundiai.com.br\/news\/wp-content\/uploads\/sites\/2\/2022\/10\/circuito-das-artes-679x960-1.jpg\" alt=\"\" class=\"wp-image-99255\" width=\"756\" height=\"1069\" srcset=\"https:\/\/tvtecjundiai.com.br\/news\/wp-content\/uploads\/sites\/2\/2022\/10\/circuito-das-artes-679x960-1.jpg 679w, https:\/\/tvtecjundiai.com.br\/news\/wp-content\/uploads\/sites\/2\/2022\/10\/circuito-das-artes-679x960-1-300x424.jpg 300w\" sizes=\"auto, (max-width: 756px) 100vw, 756px\" \/><\/figure>\n<\/div>\n\n\n<p><strong><em>(Fonte\/Imagem: Assessoria DAE)<\/em><\/strong><\/p>\n","protected":false},"excerpt":{"rendered":"<p>Atividades culturais acontecem ao longo do dia e prometer divertir toda a fam\u00edlia<\/p>\n","protected":false},"author":30,"featured_media":97407,"comment_status":"closed","ping_status":"0","sticky":false,"template":"","format":"standard","meta":{"footnotes":""},"categories":[8356,8354,1],"tags":[],"class_list":["post-99254","post","type-post","status-publish","format-standard","has-post-thumbnail","hentry","category-jundiai","category-lazer","category-noticias"],"_links":{"self":[{"href":"https:\/\/tvtecjundiai.com.br\/news\/wp-json\/wp\/v2\/posts\/99254","targetHints":{"allow":["GET"]}}],"collection":[{"href":"https:\/\/tvtecjundiai.com.br\/news\/wp-json\/wp\/v2\/posts"}],"about":[{"href":"https:\/\/tvtecjundiai.com.br\/news\/wp-json\/wp\/v2\/types\/post"}],"author":[{"embeddable":true,"href":"https:\/\/tvtecjundiai.com.br\/news\/wp-json\/wp\/v2\/users\/30"}],"replies":[{"embeddable":true,"href":"https:\/\/tvtecjundiai.com.br\/news\/wp-json\/wp\/v2\/comments?post=99254"}],"version-history":[{"count":1,"href":"https:\/\/tvtecjundiai.com.br\/news\/wp-json\/wp\/v2\/posts\/99254\/revisions"}],"predecessor-version":[{"id":99256,"href":"https:\/\/tvtecjundiai.com.br\/news\/wp-json\/wp\/v2\/posts\/99254\/revisions\/99256"}],"wp:featuredmedia":[{"embeddable":true,"href":"https:\/\/tvtecjundiai.com.br\/news\/wp-json\/wp\/v2\/media\/97407"}],"wp:attachment":[{"href":"https:\/\/tvtecjundiai.com.br\/news\/wp-json\/wp\/v2\/media?parent=99254"}],"wp:term":[{"taxonomy":"category","embeddable":true,"href":"https:\/\/tvtecjundiai.com.br\/news\/wp-json\/wp\/v2\/categories?post=99254"},{"taxonomy":"post_tag","embeddable":true,"href":"https:\/\/tvtecjundiai.com.br\/news\/wp-json\/wp\/v2\/tags?post=99254"}],"curies":[{"name":"wp","href":"https:\/\/api.w.org\/{rel}","templated":true}]}}