{"id":99264,"date":"2022-10-05T14:43:27","date_gmt":"2022-10-05T17:43:27","guid":{"rendered":"https:\/\/tvtecjundiai.com.br\/news\/?p=99264"},"modified":"2022-10-05T14:43:33","modified_gmt":"2022-10-05T17:43:33","slug":"mundo-das-criancas-e-tarifa-social-sao-destaque-em-relatorio-da-dae","status":"publish","type":"post","link":"https:\/\/tvtecjundiai.com.br\/news\/2022\/10\/05\/mundo-das-criancas-e-tarifa-social-sao-destaque-em-relatorio-da-dae\/","title":{"rendered":"Mundo das Crian\u00e7as e Tarifa Social s\u00e3o destaque em Relat\u00f3rio da DAE"},"content":{"rendered":"\n<p>A DAE Jundia\u00ed publicou, esta semana, o Relat\u00f3rio de Sustentabilidade relativo ao bi\u00eanio 2020-2021. O documento apresenta os resultados operacionais, socioambientais e financeiros obtidos pela empresa neste per\u00edodo. A implanta\u00e7\u00e3o do Mundo das Crian\u00e7as, a cria\u00e7\u00e3o da Tarifa Social e as a\u00e7\u00f5es para garantir a seguran\u00e7a h\u00eddrica foram destaques.<\/p>\n\n\n\n<p>O objetivo do Relat\u00f3rio \u00e9 desenvolver uma estrat\u00e9gia de administra\u00e7\u00e3o com foco no futuro, identificando riscos e apontando oportunidades, por isso, s\u00e3o apresentadas as a\u00e7\u00f5es de inova\u00e7\u00e3o, tecnologia e cuidados com meio ambiente adotadas pela empresa.<\/p>\n\n\n\n<p>Entregue \u00e0 cidade em dezembro de 2020, o Mundo das Crian\u00e7as \u00e9 uma extens\u00e3o da \u00e1rea de preserva\u00e7\u00e3o da represa que abastece a cidade. O espa\u00e7o se tornou, em meio \u00e0 pandemia da COVID-19, uma sala de aula a c\u00e9u aberto.<\/p>\n\n\n\n<figure class=\"wp-block-image size-large\"><img loading=\"lazy\" decoding=\"async\" width=\"1200\" height=\"673\" src=\"https:\/\/tvtecjundiai.com.br\/news\/wp-content\/uploads\/sites\/2\/2022\/10\/mundo-das-criancas-1200x673.png\" alt=\"\" class=\"wp-image-99265\" srcset=\"https:\/\/tvtecjundiai.com.br\/news\/wp-content\/uploads\/sites\/2\/2022\/10\/mundo-das-criancas-1200x673.png 1200w, https:\/\/tvtecjundiai.com.br\/news\/wp-content\/uploads\/sites\/2\/2022\/10\/mundo-das-criancas-300x168.png 300w, https:\/\/tvtecjundiai.com.br\/news\/wp-content\/uploads\/sites\/2\/2022\/10\/mundo-das-criancas-768x431.png 768w, https:\/\/tvtecjundiai.com.br\/news\/wp-content\/uploads\/sites\/2\/2022\/10\/mundo-das-criancas.png 1280w\" sizes=\"auto, (max-width: 1200px) 100vw, 1200px\" \/><figcaption>O Mundo das Crian\u00e7as \u00e9 uma extens\u00e3o da \u00e1rea de preserva\u00e7\u00e3o da represa que abastece a cidade<\/figcaption><\/figure>\n\n\n\n<p>\u201cAo chegar \u00e0 DAE, uma das minhas miss\u00f5es foi implantar o Mundo das Crian\u00e7as que est\u00e1 cumprindo seu papel de integrar as crian\u00e7as ao meio ambiente por variadas atividades\u201d, avalia o diretor presidente da DAE, Walter da Costa e Silva Filho. \u201cA inaugura\u00e7\u00e3o do espa\u00e7o, junto com a Prefeitura de Jundia\u00ed, \u00e9 um demonstrativo da sinergia de todos na busca cont\u00ednua pela excel\u00eancia na presta\u00e7\u00e3o dos servi\u00e7os, preocupa\u00e7\u00e3o com as gera\u00e7\u00f5es futuras e preserva\u00e7\u00e3o do bem mais essencial \u00e0 vida, que \u00e9 a \u00e1gua\u201d, complementa.<\/p>\n\n\n\n<p>Sobre o ano de 2021, o Relat\u00f3rio aponta a cria\u00e7\u00e3o da Tarifa Social e a entrega de tr\u00eas novos reservat\u00f3rios de \u00e1gua tratada \u2013 no FazGran, Distrito Industrial e Jardim Carlos Gomes \u2013 como pilares importantes para a qualidade do saneamento em Jundia\u00ed.<\/p>\n\n\n\n<p><strong>Participa\u00e7\u00e3o social<\/strong><\/p>\n\n\n\n<p>Para sua elabora\u00e7\u00e3o, a nova vers\u00e3o contou com uma pesquisa feita com os stakeholders relacionados \u00e0 DAE, incluindo colaboradores, clientes e fornecedores. O levantamento reuniu informa\u00e7\u00f5es sobre os impactos positivos e negativos, ambientais e econ\u00f4micos, segundo diferentes perspectivas sociais.<\/p>\n\n\n\n<p>O Relat\u00f3rio foi realizado por meio da aplica\u00e7\u00e3o dos Standards GRI (Global Reporting Initiative) e atende \u00e0 lei das estatais (n\u00b0 13.303\/2016). Tal como o anterior, que traz dados de 2019, o documento est\u00e1 dispon\u00edvel no site\u00a0<a rel=\"noreferrer noopener\" href=\"http:\/\/www.daejundiai.com.br\/\" target=\"_blank\">www.daejundiai.com.br<\/a>.<\/p>\n\n\n\n<p><strong><em>(Fonte\/Imagem: Prefeitura de Jundia\u00ed)<\/em><\/strong><\/p>\n","protected":false},"excerpt":{"rendered":"<p>Objetivo do Relat\u00f3rio \u00e9 desenvolver uma estrat\u00e9gia de administra\u00e7\u00e3o com foco no futuro<\/p>\n","protected":false},"author":30,"featured_media":99265,"comment_status":"closed","ping_status":"0","sticky":false,"template":"","format":"standard","meta":{"footnotes":""},"categories":[8356,1],"tags":[],"class_list":["post-99264","post","type-post","status-publish","format-standard","has-post-thumbnail","hentry","category-jundiai","category-noticias"],"_links":{"self":[{"href":"https:\/\/tvtecjundiai.com.br\/news\/wp-json\/wp\/v2\/posts\/99264","targetHints":{"allow":["GET"]}}],"collection":[{"href":"https:\/\/tvtecjundiai.com.br\/news\/wp-json\/wp\/v2\/posts"}],"about":[{"href":"https:\/\/tvtecjundiai.com.br\/news\/wp-json\/wp\/v2\/types\/post"}],"author":[{"embeddable":true,"href":"https:\/\/tvtecjundiai.com.br\/news\/wp-json\/wp\/v2\/users\/30"}],"replies":[{"embeddable":true,"href":"https:\/\/tvtecjundiai.com.br\/news\/wp-json\/wp\/v2\/comments?post=99264"}],"version-history":[{"count":1,"href":"https:\/\/tvtecjundiai.com.br\/news\/wp-json\/wp\/v2\/posts\/99264\/revisions"}],"predecessor-version":[{"id":99266,"href":"https:\/\/tvtecjundiai.com.br\/news\/wp-json\/wp\/v2\/posts\/99264\/revisions\/99266"}],"wp:featuredmedia":[{"embeddable":true,"href":"https:\/\/tvtecjundiai.com.br\/news\/wp-json\/wp\/v2\/media\/99265"}],"wp:attachment":[{"href":"https:\/\/tvtecjundiai.com.br\/news\/wp-json\/wp\/v2\/media?parent=99264"}],"wp:term":[{"taxonomy":"category","embeddable":true,"href":"https:\/\/tvtecjundiai.com.br\/news\/wp-json\/wp\/v2\/categories?post=99264"},{"taxonomy":"post_tag","embeddable":true,"href":"https:\/\/tvtecjundiai.com.br\/news\/wp-json\/wp\/v2\/tags?post=99264"}],"curies":[{"name":"wp","href":"https:\/\/api.w.org\/{rel}","templated":true}]}}