{"id":99270,"date":"2022-10-05T17:06:09","date_gmt":"2022-10-05T20:06:09","guid":{"rendered":"https:\/\/tvtecjundiai.com.br\/news\/?p=99270"},"modified":"2022-10-05T17:06:16","modified_gmt":"2022-10-05T20:06:16","slug":"dae-abre-vagas-de-estagio-para-estudantes-de-diversas-areas","status":"publish","type":"post","link":"https:\/\/tvtecjundiai.com.br\/news\/2022\/10\/05\/dae-abre-vagas-de-estagio-para-estudantes-de-diversas-areas\/","title":{"rendered":"DAE abre vagas de est\u00e1gio para estudantes de diversas \u00e1reas"},"content":{"rendered":"\n<p>A DAE Jundia\u00ed est\u00e1 com vagas de est\u00e1gio abertas para estudantes das \u00e1reas de Direito, Administra\u00e7\u00e3o, Educa\u00e7\u00e3o F\u00edsica, Ci\u00eancias Biol\u00f3gicas, Pedagogia, Gest\u00e3o Ambiental e Servi\u00e7o Social.<\/p>\n\n\n\n<p>Para Administra\u00e7\u00e3o, Ci\u00eancias Biol\u00f3gicas e Pedagogia, os candidatos devem estar cursando a partir do 3\u00b0 semestre. J\u00e1 para as vagas de Educa\u00e7\u00e3o F\u00edsica, Gest\u00e3o Ambiental e Servi\u00e7o Social, poder\u00e3o se candidatar estudantes matriculados a partir do 5\u00b0 semestre. Interessados na vaga de est\u00e1gio em Direito, devem estar cursando a partir do 6\u00b0 semestre.<\/p>\n\n\n\n<p>Atualmente a empresa conta com 99 estagi\u00e1rios contratados, entre os cursos de gradua\u00e7\u00e3o, t\u00e9cnico e tecn\u00f3logo, que atuam em diversas \u00e1reas, tanto administrativas quanto operacionais, como Esta\u00e7\u00f5es de Tratamento de \u00c1gua, Se\u00e7\u00e3o de Recalque e tamb\u00e9m no complexo de parques administrados pela DAE (Parque da Cidade e Mundo das Crian\u00e7as).<\/p>\n\n\n\n<figure class=\"wp-block-image\"><img decoding=\"async\" src=\"https:\/\/jundiai.sp.gov.br\/noticias\/wp-content\/uploads\/sites\/32\/2022\/10\/barbara_estagiaria-14.jpg\" alt=\"\" class=\"wp-image-302861\" \/><figcaption>Atualmente a empresa conta com 99 estagi\u00e1rios contratados, entre os cursos de gradua\u00e7\u00e3o, t\u00e9cnico e tecn\u00f3logo.<\/figcaption><\/figure>\n\n\n\n<p>Para B\u00e1rbara Beazim Berto, estagi\u00e1ria de Psicologia da Se\u00e7\u00e3o de Sele\u00e7\u00e3o, Desenvolvimento e Remunera\u00e7\u00e3o da empresa, a DAE desempenhou um papel importante em sua forma\u00e7\u00e3o: \u201cFoi uma experi\u00eancia muito vasta, tanto na quest\u00e3o do trabalho quanto no ambiente de forma\u00e7\u00e3o. Muito do que aprendi foi aqui na DAE\u201d, conta a estudante.<\/p>\n\n\n\n<p>Entre os benef\u00edcios oferecidos pela empresa est\u00e3o a bolsa-est\u00e1gio, vale transporte, conv\u00eanio m\u00e9dico, seguro de vida e refeit\u00f3rio.<\/p>\n\n\n\n<p>Os estudantes interessados em participar do processo seletivo devem encaminhar os curr\u00edculos para o e-mail\u00a0<a rel=\"noreferrer noopener\" href=\"mailto:selecao@daejundiai.com.br\" target=\"_blank\">selecao@daejundiai.com.br<\/a>, informando o semestre em curso, nome da institui\u00e7\u00e3o de ensino e demais informa\u00e7\u00f5es relevantes para a vaga.\u00a0<\/p>\n\n\n\n<p><strong><em>(Fonte\/Imagem: DAE Jundia\u00ed)<\/em><\/strong><\/p>\n","protected":false},"excerpt":{"rendered":"<p>Atualmente a empresa conta com 99 estagi\u00e1rios contratados, entre os cursos de gradua\u00e7\u00e3o, t\u00e9cnico e tecn\u00f3logo.<\/p>\n","protected":false},"author":27,"featured_media":99271,"comment_status":"closed","ping_status":"0","sticky":false,"template":"","format":"standard","meta":{"footnotes":""},"categories":[8356],"tags":[],"class_list":["post-99270","post","type-post","status-publish","format-standard","has-post-thumbnail","hentry","category-jundiai"],"_links":{"self":[{"href":"https:\/\/tvtecjundiai.com.br\/news\/wp-json\/wp\/v2\/posts\/99270","targetHints":{"allow":["GET"]}}],"collection":[{"href":"https:\/\/tvtecjundiai.com.br\/news\/wp-json\/wp\/v2\/posts"}],"about":[{"href":"https:\/\/tvtecjundiai.com.br\/news\/wp-json\/wp\/v2\/types\/post"}],"author":[{"embeddable":true,"href":"https:\/\/tvtecjundiai.com.br\/news\/wp-json\/wp\/v2\/users\/27"}],"replies":[{"embeddable":true,"href":"https:\/\/tvtecjundiai.com.br\/news\/wp-json\/wp\/v2\/comments?post=99270"}],"version-history":[{"count":1,"href":"https:\/\/tvtecjundiai.com.br\/news\/wp-json\/wp\/v2\/posts\/99270\/revisions"}],"predecessor-version":[{"id":99272,"href":"https:\/\/tvtecjundiai.com.br\/news\/wp-json\/wp\/v2\/posts\/99270\/revisions\/99272"}],"wp:featuredmedia":[{"embeddable":true,"href":"https:\/\/tvtecjundiai.com.br\/news\/wp-json\/wp\/v2\/media\/99271"}],"wp:attachment":[{"href":"https:\/\/tvtecjundiai.com.br\/news\/wp-json\/wp\/v2\/media?parent=99270"}],"wp:term":[{"taxonomy":"category","embeddable":true,"href":"https:\/\/tvtecjundiai.com.br\/news\/wp-json\/wp\/v2\/categories?post=99270"},{"taxonomy":"post_tag","embeddable":true,"href":"https:\/\/tvtecjundiai.com.br\/news\/wp-json\/wp\/v2\/tags?post=99270"}],"curies":[{"name":"wp","href":"https:\/\/api.w.org\/{rel}","templated":true}]}}