{"id":9928,"date":"2018-05-08T08:05:53","date_gmt":"2018-05-08T11:05:53","guid":{"rendered":"https:\/\/tvtecjundiai.com.br\/news\/?p=9928"},"modified":"2018-05-08T08:53:16","modified_gmt":"2018-05-08T11:53:16","slug":"funss-abre-inscricoes-para-curso-de-eletricista","status":"publish","type":"post","link":"https:\/\/tvtecjundiai.com.br\/news\/2018\/05\/08\/funss-abre-inscricoes-para-curso-de-eletricista\/","title":{"rendered":"FUNSS abre inscri\u00e7\u00f5es para curso de Eletricista"},"content":{"rendered":"<div id=\"attachment_9929\" style=\"width: 410px\" class=\"wp-caption alignleft\"><a href=\"https:\/\/tvtecjundiai.com.br\/news\/wp-content\/uploads\/sites\/2\/2018\/05\/eletricista-2.jpg\"><img loading=\"lazy\" decoding=\"async\" aria-describedby=\"caption-attachment-9929\" class=\"wp-image-9929\" src=\"https:\/\/tvtecjundiai.com.br\/news\/wp-content\/uploads\/sites\/2\/2018\/05\/eletricista-2-300x199.jpg\" alt=\"\" width=\"400\" height=\"266\" srcset=\"https:\/\/tvtecjundiai.com.br\/news\/wp-content\/uploads\/sites\/2\/2018\/05\/eletricista-2-300x199.jpg 300w, https:\/\/tvtecjundiai.com.br\/news\/wp-content\/uploads\/sites\/2\/2018\/05\/eletricista-2-768x511.jpg 768w, https:\/\/tvtecjundiai.com.br\/news\/wp-content\/uploads\/sites\/2\/2018\/05\/eletricista-2-1200x798.jpg 1200w, https:\/\/tvtecjundiai.com.br\/news\/wp-content\/uploads\/sites\/2\/2018\/05\/eletricista-2.jpg 1280w\" sizes=\"auto, (max-width: 400px) 100vw, 400px\" \/><\/a><p id=\"caption-attachment-9929\" class=\"wp-caption-text\">As inscri\u00e7\u00f5es devem ser feitas de maneira presencial<\/p><\/div>\n<p>O Fundo Social de Solidariedade (FUNSS) abre inscri\u00e7\u00f5es para o\u00a0o curso b\u00e1sico de Eletricista na pr\u00f3xima quarta- feira (9).\u00a0Ao todo, ser\u00e3o 20 vagas para pessoas com 16 anos ou mais, residentes em Jundia\u00ed e com Ensino Fundamental completo. N\u00e3o poder\u00e3o participar alunos matriculados em cursos em andamento.<\/p>\n<p>O hor\u00e1rio das matr\u00edculas ser\u00e1 das 13h30 \u00e0s 16h30. As senhas ser\u00e3o entregues por ordem de chegada, a partir das 13h30 e distribu\u00eddas at\u00e9 o preenchimento de todas as vagas. As inscri\u00e7\u00f5es s\u00e3o presenciais e, por isso, para participar \u00e9 preciso ir pessoalmente ao Funss, que fica dentro do Parque da Uva, com acesso pela avenida Dona Manoela Lacerda de Vergueiro, s\/n, port\u00e3o 03, bairro Anhangaba\u00fa.<\/p>\n<p>No momento da inscri\u00e7\u00e3o \u00e9 preciso apresentar originais e c\u00f3pias do RG, CPF e Comprovante de Resid\u00eancia, que necessariamente deve ser o Carn\u00ea de IPTU de Jundia\u00ed ou uma conta de \u00e1gua, luz ou telefone em nome do aluno e tamb\u00e9m:<\/p>\n<ul>\n<li>RG ou Certid\u00e3o de Nascimento: quando o comprovante estiver em nome dos pais;<\/li>\n<li>Certid\u00e3o de Casamento: quando o comprovante estiver em nome do c\u00f4njuge;<\/li>\n<li>Contrato de Loca\u00e7\u00e3o: quando o contrato estiver em nome do aluno;<\/li>\n<li>Contrato de Loca\u00e7\u00e3o + Certid\u00e3o de Casamento: quando o contrato estiver em nome do c\u00f4njuge.<\/li>\n<li>Ser\u00e3o aceitos, conforme quantidade de vagas, os primeiros inscritos que cumprirem os requisitos acima. Inscri\u00e7\u00f5es excedentes ficar\u00e3o em lista de espera e ser\u00e3o convocadas somente em casos de desist\u00eancia.<\/li>\n<\/ul>\n<p>O curso b\u00e1sico de Eletricista come\u00e7ar\u00e1 no dia 14 de maio e terminar\u00e1 no dia 11 junho. As aulas ser\u00e3o realizadas no Fundo Social, de segunda a quinta-feira, das 8h \u00e0s 12h. Informa\u00e7\u00f5es pelos telefones (11) 4521-2762, 4521-2929 e 4521-6833.<\/p>\n<p><em>Fonte: Prefeitura de Jundia\u00ed<\/em><\/p>\n","protected":false},"excerpt":{"rendered":"<p>Os interessados devem procurar o Fundo Social a partir das 13h30 desta quarta-feira (9)<\/p>\n","protected":false},"author":11,"featured_media":9929,"comment_status":"closed","ping_status":"closed","sticky":false,"template":"","format":"standard","meta":{"footnotes":""},"categories":[2834,2832,1],"tags":[2252,2112,63,3117,261,61,154,556],"class_list":["post-9928","post","type-post","status-publish","format-standard","has-post-thumbnail","hentry","category-cidades","category-cursos","category-noticias","tag-abertura","tag-cidades","tag-curso","tag-curso-basico","tag-eletricista","tag-fundo-social-de-solidariedade","tag-inscricoes","tag-noticias"],"_links":{"self":[{"href":"https:\/\/tvtecjundiai.com.br\/news\/wp-json\/wp\/v2\/posts\/9928","targetHints":{"allow":["GET"]}}],"collection":[{"href":"https:\/\/tvtecjundiai.com.br\/news\/wp-json\/wp\/v2\/posts"}],"about":[{"href":"https:\/\/tvtecjundiai.com.br\/news\/wp-json\/wp\/v2\/types\/post"}],"author":[{"embeddable":true,"href":"https:\/\/tvtecjundiai.com.br\/news\/wp-json\/wp\/v2\/users\/11"}],"replies":[{"embeddable":true,"href":"https:\/\/tvtecjundiai.com.br\/news\/wp-json\/wp\/v2\/comments?post=9928"}],"version-history":[{"count":2,"href":"https:\/\/tvtecjundiai.com.br\/news\/wp-json\/wp\/v2\/posts\/9928\/revisions"}],"predecessor-version":[{"id":9944,"href":"https:\/\/tvtecjundiai.com.br\/news\/wp-json\/wp\/v2\/posts\/9928\/revisions\/9944"}],"wp:featuredmedia":[{"embeddable":true,"href":"https:\/\/tvtecjundiai.com.br\/news\/wp-json\/wp\/v2\/media\/9929"}],"wp:attachment":[{"href":"https:\/\/tvtecjundiai.com.br\/news\/wp-json\/wp\/v2\/media?parent=9928"}],"wp:term":[{"taxonomy":"category","embeddable":true,"href":"https:\/\/tvtecjundiai.com.br\/news\/wp-json\/wp\/v2\/categories?post=9928"},{"taxonomy":"post_tag","embeddable":true,"href":"https:\/\/tvtecjundiai.com.br\/news\/wp-json\/wp\/v2\/tags?post=9928"}],"curies":[{"name":"wp","href":"https:\/\/api.w.org\/{rel}","templated":true}]}}