{"id":99301,"date":"2022-10-06T14:55:52","date_gmt":"2022-10-06T17:55:52","guid":{"rendered":"https:\/\/tvtecjundiai.com.br\/news\/?p=99301"},"modified":"2022-10-06T14:55:52","modified_gmt":"2022-10-06T17:55:52","slug":"pochet-do-brasil-esta-com-vagas-de-emprego-abertas-para-pcd","status":"publish","type":"post","link":"https:\/\/tvtecjundiai.com.br\/news\/2022\/10\/06\/pochet-do-brasil-esta-com-vagas-de-emprego-abertas-para-pcd\/","title":{"rendered":"Pochet do Brasil est\u00e1 com vagas de emprego abertas para PCD"},"content":{"rendered":"\n<p>A Pochet do Brasil, ind\u00fastria de embalagens para cosm\u00e9ticos, est\u00e1 com 20 vagas exclusivas para pessoas com defici\u00eancia (PCD) em Jundia\u00ed. As oportunidades s\u00e3o para auxiliar de produ\u00e7\u00e3o.<\/p>\n\n\n\n<p>Os interessados podem se inscrever pelo <a href=\"https:\/\/web.jundiai.sp.gov.br\/PMJ\/emprega\/Vaga#\" data-type=\"URL\" data-id=\"https:\/\/web.jundiai.sp.gov.br\/PMJ\/emprega\/Vaga#\">portal Jundia\u00ed Empreendedora<\/a>, da Prefeitura de Jundia\u00ed. Mais informa\u00e7\u00f5es sobre a vaga est\u00e3o dispon\u00edveis no Portal da Inclus\u00e3o, pelos telefones (11) 4589-8494 ou (11) 4589-8844.<\/p>\n\n\n\n<p><em>Atribui\u00e7\u00f5es da vaga: <\/em>Auxiliar na montagem de embalagens para cosm\u00e9ticos<\/p>\n\n\n\n<p><em>Requisitos: <\/em>ensino m\u00e9dio completo<\/p>\n\n\n<div class=\"wp-block-image\">\n<figure class=\"aligncenter size-large is-resized\"><img loading=\"lazy\" decoding=\"async\" src=\"https:\/\/tvtecjundiai.com.br\/news\/wp-content\/uploads\/sites\/2\/2022\/10\/pochet-30-1178x960.jpg\" alt=\"\" class=\"wp-image-99302\" width=\"705\" height=\"574\" srcset=\"https:\/\/tvtecjundiai.com.br\/news\/wp-content\/uploads\/sites\/2\/2022\/10\/pochet-30-1178x960.jpg 1178w, https:\/\/tvtecjundiai.com.br\/news\/wp-content\/uploads\/sites\/2\/2022\/10\/pochet-30-300x244.jpg 300w, https:\/\/tvtecjundiai.com.br\/news\/wp-content\/uploads\/sites\/2\/2022\/10\/pochet-30-768x626.jpg 768w, https:\/\/tvtecjundiai.com.br\/news\/wp-content\/uploads\/sites\/2\/2022\/10\/pochet-30.jpg 1280w\" sizes=\"auto, (max-width: 705px) 100vw, 705px\" \/><\/figure>\n<\/div>\n\n\n<p><strong><em>(Fonte: TVTEC Jundia\u00ed\/Imagem: Prefeitura de Jundia\u00ed)<\/em><\/strong><\/p>\n","protected":false},"excerpt":{"rendered":"<p>Os interessados podem se inscrever pelo portal Jundia\u00ed Empreendedora<\/p>\n","protected":false},"author":30,"featured_media":99302,"comment_status":"closed","ping_status":"0","sticky":false,"template":"","format":"standard","meta":{"footnotes":""},"categories":[5038,8363,8356,1],"tags":[],"class_list":["post-99301","post","type-post","status-publish","format-standard","has-post-thumbnail","hentry","category-emprego","category-emprego-2","category-jundiai","category-noticias"],"_links":{"self":[{"href":"https:\/\/tvtecjundiai.com.br\/news\/wp-json\/wp\/v2\/posts\/99301","targetHints":{"allow":["GET"]}}],"collection":[{"href":"https:\/\/tvtecjundiai.com.br\/news\/wp-json\/wp\/v2\/posts"}],"about":[{"href":"https:\/\/tvtecjundiai.com.br\/news\/wp-json\/wp\/v2\/types\/post"}],"author":[{"embeddable":true,"href":"https:\/\/tvtecjundiai.com.br\/news\/wp-json\/wp\/v2\/users\/30"}],"replies":[{"embeddable":true,"href":"https:\/\/tvtecjundiai.com.br\/news\/wp-json\/wp\/v2\/comments?post=99301"}],"version-history":[{"count":1,"href":"https:\/\/tvtecjundiai.com.br\/news\/wp-json\/wp\/v2\/posts\/99301\/revisions"}],"predecessor-version":[{"id":99303,"href":"https:\/\/tvtecjundiai.com.br\/news\/wp-json\/wp\/v2\/posts\/99301\/revisions\/99303"}],"wp:featuredmedia":[{"embeddable":true,"href":"https:\/\/tvtecjundiai.com.br\/news\/wp-json\/wp\/v2\/media\/99302"}],"wp:attachment":[{"href":"https:\/\/tvtecjundiai.com.br\/news\/wp-json\/wp\/v2\/media?parent=99301"}],"wp:term":[{"taxonomy":"category","embeddable":true,"href":"https:\/\/tvtecjundiai.com.br\/news\/wp-json\/wp\/v2\/categories?post=99301"},{"taxonomy":"post_tag","embeddable":true,"href":"https:\/\/tvtecjundiai.com.br\/news\/wp-json\/wp\/v2\/tags?post=99301"}],"curies":[{"name":"wp","href":"https:\/\/api.w.org\/{rel}","templated":true}]}}