{"id":99322,"date":"2022-10-07T08:59:35","date_gmt":"2022-10-07T11:59:35","guid":{"rendered":"https:\/\/tvtecjundiai.com.br\/news\/?p=99322"},"modified":"2022-10-07T09:03:16","modified_gmt":"2022-10-07T12:03:16","slug":"comitivas-das-prefeituras-de-buzios-e-sorocaba-conferem-iniciativas-de-jundiai-pela-infancia","status":"publish","type":"post","link":"https:\/\/tvtecjundiai.com.br\/news\/2022\/10\/07\/comitivas-das-prefeituras-de-buzios-e-sorocaba-conferem-iniciativas-de-jundiai-pela-infancia\/","title":{"rendered":"Comitivas das Prefeituras de B\u00fazios e Sorocaba conferem iniciativas de Jundia\u00ed pela Inf\u00e2ncia"},"content":{"rendered":"\n<p>Representantes das Prefeituras dos munic\u00edpios B\u00fazios e Sorocaba visitaram em Jundia\u00ed, nesta quinta-feira (6), equipamentos p\u00fablicos municipais vinculados \u00e0 pol\u00edtica da Inf\u00e2ncia, pelo programa Cidade das Crian\u00e7as.<\/p>\n\n\n\n<p>A comitiva paulista era composta por representantes das secretarias de Cidadania e de Educa\u00e7\u00e3o e visitou, pela manh\u00e3, a Emeb Br\u00edgida Gatto Rodrigues e o Bosquinho, no Jardim Bonfiglioli, e a F\u00e1brica das Inf\u00e2ncias Japy. No per\u00edodo da tarde, a comitiva dirigiu-se ao Mundo das Crian\u00e7as, onde seguiu a visita com as representantes da secretaria de Desenvolvimento Social do Munic\u00edpio carioca.<\/p>\n\n\n\n<p>\u201cFicamos muito felizes em ver outros munic\u00edpios interessados no modelo de Jundia\u00ed por suas boas-pr\u00e1ticas pela Inf\u00e2ncia. Esse interesse refor\u00e7a e atesta a voca\u00e7\u00e3o de nosso munic\u00edpio para ser refer\u00eancia, n\u00e3o s\u00f3 para a Regi\u00e3o Metropolitana de Jundia\u00ed (RMJ), mas tamb\u00e9m pelo interior paulista e at\u00e9 munic\u00edpios de outros estados\u201d, comentou o gestor de Cultura, Marcelo Peroni, um dos porta-vozes da Prefeitura pelo programa Cidade das Crian\u00e7as.<\/p>\n\n\n\n<figure class=\"wp-block-image size-large\"><img loading=\"lazy\" decoding=\"async\" width=\"1200\" height=\"801\" src=\"https:\/\/tvtecjundiai.com.br\/news\/wp-content\/uploads\/sites\/2\/2022\/10\/visita_prefeitura_sorocaba_japy_m_-74-1200x801.jpg\" alt=\"\" class=\"wp-image-99323\" srcset=\"https:\/\/tvtecjundiai.com.br\/news\/wp-content\/uploads\/sites\/2\/2022\/10\/visita_prefeitura_sorocaba_japy_m_-74-1200x801.jpg 1200w, https:\/\/tvtecjundiai.com.br\/news\/wp-content\/uploads\/sites\/2\/2022\/10\/visita_prefeitura_sorocaba_japy_m_-74-300x200.jpg 300w, https:\/\/tvtecjundiai.com.br\/news\/wp-content\/uploads\/sites\/2\/2022\/10\/visita_prefeitura_sorocaba_japy_m_-74-768x512.jpg 768w, https:\/\/tvtecjundiai.com.br\/news\/wp-content\/uploads\/sites\/2\/2022\/10\/visita_prefeitura_sorocaba_japy_m_-74.jpg 1280w\" sizes=\"auto, (max-width: 1200px) 100vw, 1200px\" \/><figcaption>Na F\u00e1brica das Inf\u00e2ncias Japy, grupo de Sorocaba conheceu tamb\u00e9m o Parque Naturalizado<\/figcaption><\/figure>\n\n\n\n<p>A coordenadora da Crian\u00e7a e Adolescente de Sorocaba, Jana\u00edna Rocha, explicou o motivo da visita. \u201cDurante pesquisa sobre como potencializar as nossas a\u00e7\u00f5es, descobrimos que Jundia\u00ed j\u00e1 desenvolvia pr\u00e1ticas para valorizar a Inf\u00e2ncia e quisermos conferir de perto. Ap\u00f3s nossa solicita\u00e7\u00e3o \u00e0 Prefeitura tivemos um acesso muito r\u00e1pido e um acolhimento muito efetivo. Da visita, levamos a mensagem sobre a import\u00e2ncia de se valorizar e criar espa\u00e7os para integrar a natureza com a brincadeira e a ludicidade\u201d. Tamb\u00e9m fizeram parte da comitiva sorocabana a supervisora do Crian\u00e7a Feliz, Dagmara Eberle, e a gestora de Desenvolvimento Educacional, Lauren Caserta.<\/p>\n\n\n\n<p>A coordenadora de Pol\u00edticas P\u00fablicas para Crian\u00e7as e Adolescentes de B\u00fazios, \u00c9rica Rodrigues, falou da import\u00e2ncia da constru\u00e7\u00e3o coletiva. \u201cConhecer o Mundo das Crian\u00e7as despertou em n\u00f3s a crian\u00e7a adormecida junto com o desejo de melhorar enquanto indiv\u00edduo, trazendo a responsabilidade de criar um mundo melhor. Fazer essa visita \u00e9 muito mais que conhecer, \u00e9 come\u00e7ar a constru\u00e7\u00e3o de um mundo melhor para as crian\u00e7as, que, se for coletiva, ser\u00e1 muito mais eficaz. Come\u00e7amos a vivenciar isto com Jundia\u00ed e Sorocaba nesta tarde\u201d.<\/p>\n\n\n\n<p>O grupo carioca, da qual tamb\u00e9m faz parte a secret\u00e1ria de Desenvolvimento Social Trabalho e Renda, Joice Salme, prossegue a visita em Jundia\u00ed nesta sexta-feira (7) para visitar outros equipamentos, como a F\u00e1brica das Inf\u00e2ncias Japy.<\/p>\n\n\n\n<figure class=\"wp-block-image size-large\"><img loading=\"lazy\" decoding=\"async\" width=\"1200\" height=\"675\" src=\"https:\/\/tvtecjundiai.com.br\/news\/wp-content\/uploads\/sites\/2\/2022\/10\/visitas_prefeituiras_sorocaba_buzios_mundo_das_criancas_06-10-41-1200x675.jpg\" alt=\"\" class=\"wp-image-99324\" srcset=\"https:\/\/tvtecjundiai.com.br\/news\/wp-content\/uploads\/sites\/2\/2022\/10\/visitas_prefeituiras_sorocaba_buzios_mundo_das_criancas_06-10-41-1200x675.jpg 1200w, https:\/\/tvtecjundiai.com.br\/news\/wp-content\/uploads\/sites\/2\/2022\/10\/visitas_prefeituiras_sorocaba_buzios_mundo_das_criancas_06-10-41-300x169.jpg 300w, https:\/\/tvtecjundiai.com.br\/news\/wp-content\/uploads\/sites\/2\/2022\/10\/visitas_prefeituiras_sorocaba_buzios_mundo_das_criancas_06-10-41-768x432.jpg 768w, https:\/\/tvtecjundiai.com.br\/news\/wp-content\/uploads\/sites\/2\/2022\/10\/visitas_prefeituiras_sorocaba_buzios_mundo_das_criancas_06-10-41.jpg 1280w\" sizes=\"auto, (max-width: 1200px) 100vw, 1200px\" \/><figcaption>Visita prosseguiu no per\u00edodo da tarde, com a comitiva de B\u00fazios<\/figcaption><\/figure>\n\n\n\n<p><strong><em>(Fonte\/Imagens: Prefeitura de Jundia\u00ed)<\/em><\/strong><\/p>\n","protected":false},"excerpt":{"rendered":"<p>Foram visitados equipamentos p\u00fablicos vinculados ao programa Cidade das Crian\u00e7as<\/p>\n","protected":false},"author":30,"featured_media":99324,"comment_status":"closed","ping_status":"0","sticky":false,"template":"","format":"standard","meta":{"footnotes":""},"categories":[8357,8356,1],"tags":[],"class_list":["post-99322","post","type-post","status-publish","format-standard","has-post-thumbnail","hentry","category-gestao","category-jundiai","category-noticias"],"_links":{"self":[{"href":"https:\/\/tvtecjundiai.com.br\/news\/wp-json\/wp\/v2\/posts\/99322","targetHints":{"allow":["GET"]}}],"collection":[{"href":"https:\/\/tvtecjundiai.com.br\/news\/wp-json\/wp\/v2\/posts"}],"about":[{"href":"https:\/\/tvtecjundiai.com.br\/news\/wp-json\/wp\/v2\/types\/post"}],"author":[{"embeddable":true,"href":"https:\/\/tvtecjundiai.com.br\/news\/wp-json\/wp\/v2\/users\/30"}],"replies":[{"embeddable":true,"href":"https:\/\/tvtecjundiai.com.br\/news\/wp-json\/wp\/v2\/comments?post=99322"}],"version-history":[{"count":3,"href":"https:\/\/tvtecjundiai.com.br\/news\/wp-json\/wp\/v2\/posts\/99322\/revisions"}],"predecessor-version":[{"id":99327,"href":"https:\/\/tvtecjundiai.com.br\/news\/wp-json\/wp\/v2\/posts\/99322\/revisions\/99327"}],"wp:featuredmedia":[{"embeddable":true,"href":"https:\/\/tvtecjundiai.com.br\/news\/wp-json\/wp\/v2\/media\/99324"}],"wp:attachment":[{"href":"https:\/\/tvtecjundiai.com.br\/news\/wp-json\/wp\/v2\/media?parent=99322"}],"wp:term":[{"taxonomy":"category","embeddable":true,"href":"https:\/\/tvtecjundiai.com.br\/news\/wp-json\/wp\/v2\/categories?post=99322"},{"taxonomy":"post_tag","embeddable":true,"href":"https:\/\/tvtecjundiai.com.br\/news\/wp-json\/wp\/v2\/tags?post=99322"}],"curies":[{"name":"wp","href":"https:\/\/api.w.org\/{rel}","templated":true}]}}