{"id":99331,"date":"2022-10-07T11:02:30","date_gmt":"2022-10-07T14:02:30","guid":{"rendered":"https:\/\/tvtecjundiai.com.br\/news\/?p=99331"},"modified":"2022-10-07T11:02:35","modified_gmt":"2022-10-07T14:02:35","slug":"agenda-cultural-sexta-no-centro-orquestra-municipal-exposicoes-e-outras-atracoes","status":"publish","type":"post","link":"https:\/\/tvtecjundiai.com.br\/news\/2022\/10\/07\/agenda-cultural-sexta-no-centro-orquestra-municipal-exposicoes-e-outras-atracoes\/","title":{"rendered":"Agenda cultural: Sexta no Centro, Orquestra Municipal, exposi\u00e7\u00f5es e outras atra\u00e7\u00f5es"},"content":{"rendered":"\n<p>A programa\u00e7\u00e3o cultural gratuita deste fim de semana come\u00e7a j\u00e1 nesta\u00a0sexta-feira (07), a partir das 16h, com a edi\u00e7\u00e3o de outubro da Sexta no Centro. As atra\u00e7\u00f5es musicais gratuitas da noite s\u00e3o: a Banda Velho Manco, com o show da turn\u00ea de lan\u00e7amento de \u201cA Mosca\u201d com Indie e Pop Rock, a partir das 16h; o show de diversos ritmos \u201cBrasil Plural\u201d, com o Alexandre Cunha, \u00e0s 17h30; o show \u201cQue canto \u00e9 esse?\u201d, com Rafa Ribeiro e Banda, \u00e0s 19h; e, para encerrar a festa, o show \u201cCancioneiro Nordestino\u201d, com Maria P\u00e9rola e Banda, a partir das 20h30.<\/p>\n\n\n\n<p>A programa\u00e7\u00e3o musical segue na Pra\u00e7a Marechal Floriano Peixoto (Pra\u00e7a do Coreto), no Centro, at\u00e9 as 22h, com as presen\u00e7as das barracas do varej\u00e3o noturno e do Jundia\u00ed feito \u00e0 M\u00e3o, para garantir, respectivamente, o melhor da gastronomia e do artesanato locais.<\/p>\n\n\n\n<figure class=\"wp-block-gallery has-nested-images columns-default is-cropped wp-block-gallery-1 is-layout-flex wp-block-gallery-is-layout-flex\">\n<figure class=\"wp-block-image size-large\"><img loading=\"lazy\" decoding=\"async\" width=\"1200\" height=\"538\" data-id=\"99332\" src=\"https:\/\/tvtecjundiai.com.br\/news\/wp-content\/uploads\/sites\/2\/2022\/10\/Banda-Velho-Manco-1200x538-2.jpg\" alt=\"\" class=\"wp-image-99332\" srcset=\"https:\/\/tvtecjundiai.com.br\/news\/wp-content\/uploads\/sites\/2\/2022\/10\/Banda-Velho-Manco-1200x538-2.jpg 1200w, https:\/\/tvtecjundiai.com.br\/news\/wp-content\/uploads\/sites\/2\/2022\/10\/Banda-Velho-Manco-1200x538-2-300x135.jpg 300w, https:\/\/tvtecjundiai.com.br\/news\/wp-content\/uploads\/sites\/2\/2022\/10\/Banda-Velho-Manco-1200x538-2-768x344.jpg 768w\" sizes=\"auto, (max-width: 1200px) 100vw, 1200px\" \/><figcaption>16h \u2013 Banda Velho Manco<\/figcaption><\/figure>\n\n\n\n<figure class=\"wp-block-image size-large\"><img loading=\"lazy\" decoding=\"async\" width=\"1200\" height=\"799\" data-id=\"99333\" src=\"https:\/\/tvtecjundiai.com.br\/news\/wp-content\/uploads\/sites\/2\/2022\/10\/Alexandre-Cunha-1200x799-2.jpg\" alt=\"\" class=\"wp-image-99333\" srcset=\"https:\/\/tvtecjundiai.com.br\/news\/wp-content\/uploads\/sites\/2\/2022\/10\/Alexandre-Cunha-1200x799-2.jpg 1200w, https:\/\/tvtecjundiai.com.br\/news\/wp-content\/uploads\/sites\/2\/2022\/10\/Alexandre-Cunha-1200x799-2-300x200.jpg 300w, https:\/\/tvtecjundiai.com.br\/news\/wp-content\/uploads\/sites\/2\/2022\/10\/Alexandre-Cunha-1200x799-2-768x511.jpg 768w\" sizes=\"auto, (max-width: 1200px) 100vw, 1200px\" \/><figcaption>17h30 \u2013 Alexandre Cunha em \u201cBrasil Plural\u201d<\/figcaption><\/figure>\n<\/figure>\n\n\n\n<figure class=\"wp-block-gallery has-nested-images columns-default is-cropped wp-block-gallery-2 is-layout-flex wp-block-gallery-is-layout-flex\">\n<figure class=\"wp-block-image size-large\"><img loading=\"lazy\" decoding=\"async\" width=\"816\" height=\"590\" data-id=\"99334\" src=\"https:\/\/tvtecjundiai.com.br\/news\/wp-content\/uploads\/sites\/2\/2022\/10\/Rafa-Ribeiro-e-Banda-1.jpeg\" alt=\"\" class=\"wp-image-99334\" srcset=\"https:\/\/tvtecjundiai.com.br\/news\/wp-content\/uploads\/sites\/2\/2022\/10\/Rafa-Ribeiro-e-Banda-1.jpeg 816w, https:\/\/tvtecjundiai.com.br\/news\/wp-content\/uploads\/sites\/2\/2022\/10\/Rafa-Ribeiro-e-Banda-1-300x217.jpeg 300w, https:\/\/tvtecjundiai.com.br\/news\/wp-content\/uploads\/sites\/2\/2022\/10\/Rafa-Ribeiro-e-Banda-1-768x555.jpeg 768w\" sizes=\"auto, (max-width: 816px) 100vw, 816px\" \/><figcaption>19h \u2013 Rafa Ribeiro e Banda em \u201cQue canto \u00e9 esse?\u201d<\/figcaption><\/figure>\n\n\n\n<figure class=\"wp-block-image size-large\"><img loading=\"lazy\" decoding=\"async\" width=\"1200\" height=\"800\" data-id=\"99335\" src=\"https:\/\/tvtecjundiai.com.br\/news\/wp-content\/uploads\/sites\/2\/2022\/10\/maria_perola-1200x800-2.jpg\" alt=\"\" class=\"wp-image-99335\" srcset=\"https:\/\/tvtecjundiai.com.br\/news\/wp-content\/uploads\/sites\/2\/2022\/10\/maria_perola-1200x800-2.jpg 1200w, https:\/\/tvtecjundiai.com.br\/news\/wp-content\/uploads\/sites\/2\/2022\/10\/maria_perola-1200x800-2-300x200.jpg 300w, https:\/\/tvtecjundiai.com.br\/news\/wp-content\/uploads\/sites\/2\/2022\/10\/maria_perola-1200x800-2-768x512.jpg 768w\" sizes=\"auto, (max-width: 1200px) 100vw, 1200px\" \/><figcaption>20h30 \u2013 Maria P\u00e9rola e Banda em \u201cCancioneiro Nordestino\u201d<\/figcaption><\/figure>\n<\/figure>\n\n\n\n<p>Outro destaque da programa\u00e7\u00e3o \u00e9 o\u00a0quarto concerto da temporada 2022 da Orquestra Sinf\u00f4nica Municipal de Jundia\u00ed (OSMJ) no Teatro Polytheama, neste s\u00e1bado (08), \u00e0s 20h. Com reg\u00eancia da diretora art\u00edstica e regente titular da orquestra, a maestrina Claudia Feres, e participa\u00e7\u00e3o do pianista Eduardo Monteiro, um dos maiores int\u00e9rpretes brasileiros, o concerto traz em seu programa obras de Antonin Dvorak e Felix Mendelssohn, importantes nomes do Per\u00edodo Rom\u00e2ntico do s\u00e9culo 19.<\/p>\n\n\n\n<p><a href=\"https:\/\/cultura.jundiai.sp.gov.br\/wp-content\/uploads\/2022\/10\/Programa_concerto_OSMJ_08_outubro_teatro_Polytheama.pdf\" target=\"_blank\" rel=\"noreferrer noopener\">CONFIRA OS DETALHES DO PROGRAMA DO CONCERTO<\/a><\/p>\n\n\n\n<p>Os ingressos gratuitos para o espet\u00e1culo podem ser retirados tanto na bilheteria do Teatro quanto\u00a0na internet, atrav\u00e9s da <a rel=\"noreferrer noopener\" href=\"https:\/\/bileto.sympla.com.br\/event\/77060\/d\/160537\/s\/1064290)\" target=\"_blank\">plataforma Sympla<\/a>, a partir das 10h30 desta sexta-feira (07). Cada interessado poder\u00e1 retirar at\u00e9 dois ingressos.<\/p>\n\n\n\n<figure class=\"wp-block-gallery has-nested-images columns-default is-cropped wp-block-gallery-3 is-layout-flex wp-block-gallery-is-layout-flex\">\n<figure class=\"wp-block-image size-large\"><img loading=\"lazy\" decoding=\"async\" width=\"1200\" height=\"800\" data-id=\"99337\" src=\"https:\/\/tvtecjundiai.com.br\/news\/wp-content\/uploads\/sites\/2\/2022\/10\/orquestra-1200x800.jpg\" alt=\"\" class=\"wp-image-99337\" srcset=\"https:\/\/tvtecjundiai.com.br\/news\/wp-content\/uploads\/sites\/2\/2022\/10\/orquestra-1200x800.jpg 1200w, https:\/\/tvtecjundiai.com.br\/news\/wp-content\/uploads\/sites\/2\/2022\/10\/orquestra-300x200.jpg 300w, https:\/\/tvtecjundiai.com.br\/news\/wp-content\/uploads\/sites\/2\/2022\/10\/orquestra-768x512.jpg 768w, https:\/\/tvtecjundiai.com.br\/news\/wp-content\/uploads\/sites\/2\/2022\/10\/orquestra.jpg 1280w\" sizes=\"auto, (max-width: 1200px) 100vw, 1200px\" \/><\/figure>\n\n\n\n<figure class=\"wp-block-image size-large\"><img loading=\"lazy\" decoding=\"async\" width=\"672\" height=\"442\" data-id=\"99338\" src=\"https:\/\/tvtecjundiai.com.br\/news\/wp-content\/uploads\/sites\/2\/2022\/10\/eduardo-monteiro_foto_julio_acevedo.jpg\" alt=\"\" class=\"wp-image-99338\" srcset=\"https:\/\/tvtecjundiai.com.br\/news\/wp-content\/uploads\/sites\/2\/2022\/10\/eduardo-monteiro_foto_julio_acevedo.jpg 672w, https:\/\/tvtecjundiai.com.br\/news\/wp-content\/uploads\/sites\/2\/2022\/10\/eduardo-monteiro_foto_julio_acevedo-300x197.jpg 300w\" sizes=\"auto, (max-width: 672px) 100vw, 672px\" \/><figcaption>Concerto contar\u00e1 com a participa\u00e7\u00e3o especial do renomado pianista Eduardo Monteiro<\/figcaption><\/figure>\n<\/figure>\n\n\n\n<p><strong>Biblioteca<\/strong><br>Na\u00a0Biblioteca Municipal Professor Nelson Foot, a programa\u00e7\u00e3o come\u00e7a j\u00e1 nesta sexta-feira (07), \u00e0s 18h, com a palestra \u201cA Tr\u00edade da vida: O que, Por que, Para que?\u201d, com o psic\u00f3logo William Gomes de Oliveira. O encontro \u00e9 voltado para os interessados em geral, no audit\u00f3rio da biblioteca, e tem como inten\u00e7\u00e3o dar um olhar diferente sobre as consequ\u00eancias de dores ps\u00edquicas como depress\u00e3o e ansiedade e o enfrentamento a dificuldades e desafios da vida.<\/p>\n\n\n\n<p>J\u00e1 no s\u00e1bado (08), \u00e0s 11h, tem a interven\u00e7\u00e3o \u201cL\u00ea no Ninho\u201d, atividade l\u00fadica com foco no fomento ao gosto pela leitura e cria\u00e7\u00e3o de v\u00ednculos afetivos para crian\u00e7as de seis meses a quatro anos de idade,&nbsp;<a href=\"https:\/\/docs.google.com\/forms\/d\/e\/1FAIpQLSe4FGNAKkyLIIHDGCMZHgmBzPPywnyNpb-aCIdpCfYLZXvR_w\/viewform\" target=\"_blank\" rel=\"noreferrer noopener\">para inscritos<\/a>.<\/p>\n\n\n\n<p>Ainda no s\u00e1bado (08), \u00e0s 12h, tem a conta\u00e7\u00e3o de hist\u00f3ria do casamento da Dona Baratinha com a Cia. Cena 4 pelo projeto \u201cContos e Cantos\u201d.<\/p>\n\n\n\n<figure class=\"wp-block-gallery has-nested-images columns-default is-cropped wp-block-gallery-4 is-layout-flex wp-block-gallery-is-layout-flex\">\n<figure class=\"wp-block-image size-large\"><img loading=\"lazy\" decoding=\"async\" width=\"1200\" height=\"800\" data-id=\"99339\" src=\"https:\/\/tvtecjundiai.com.br\/news\/wp-content\/uploads\/sites\/2\/2022\/10\/contacao-de-historias-na-biblioteca_c_-14-2-1200x800.jpg\" alt=\"\" class=\"wp-image-99339\" srcset=\"https:\/\/tvtecjundiai.com.br\/news\/wp-content\/uploads\/sites\/2\/2022\/10\/contacao-de-historias-na-biblioteca_c_-14-2-1200x800.jpg 1200w, https:\/\/tvtecjundiai.com.br\/news\/wp-content\/uploads\/sites\/2\/2022\/10\/contacao-de-historias-na-biblioteca_c_-14-2-300x200.jpg 300w, https:\/\/tvtecjundiai.com.br\/news\/wp-content\/uploads\/sites\/2\/2022\/10\/contacao-de-historias-na-biblioteca_c_-14-2-768x512.jpg 768w, https:\/\/tvtecjundiai.com.br\/news\/wp-content\/uploads\/sites\/2\/2022\/10\/contacao-de-historias-na-biblioteca_c_-14-2.jpg 1280w\" sizes=\"auto, (max-width: 1200px) 100vw, 1200px\" \/><\/figure>\n\n\n\n<figure class=\"wp-block-image size-large\"><img loading=\"lazy\" decoding=\"async\" width=\"1200\" height=\"844\" data-id=\"99340\" src=\"https:\/\/tvtecjundiai.com.br\/news\/wp-content\/uploads\/sites\/2\/2022\/10\/cena-4-1-1200x844.jpg\" alt=\"\" class=\"wp-image-99340\" srcset=\"https:\/\/tvtecjundiai.com.br\/news\/wp-content\/uploads\/sites\/2\/2022\/10\/cena-4-1-1200x844.jpg 1200w, https:\/\/tvtecjundiai.com.br\/news\/wp-content\/uploads\/sites\/2\/2022\/10\/cena-4-1-300x211.jpg 300w, https:\/\/tvtecjundiai.com.br\/news\/wp-content\/uploads\/sites\/2\/2022\/10\/cena-4-1-768x540.jpg 768w, https:\/\/tvtecjundiai.com.br\/news\/wp-content\/uploads\/sites\/2\/2022\/10\/cena-4-1.jpg 1280w\" sizes=\"auto, (max-width: 1200px) 100vw, 1200px\" \/><figcaption>Biblioteca tem L\u00ea no Ninho para inscritos e conta\u00e7\u00e3o de hist\u00f3rias com a Cia. Cena 4<\/figcaption><\/figure>\n<\/figure>\n\n\n\n<p>Quem for \u00e0 Biblioteca poder\u00e1 conferir ainda as exposi\u00e7\u00f5es&nbsp;<a href=\"https:\/\/cultura.jundiai.sp.gov.br\/exposicoes\/a-cidade-fala-ouve-quem-sente-2\/\" target=\"_blank\" rel=\"noreferrer noopener\">\u201cA cidade fala, ouve quem sente\u201d, de Beatriz Pastorini Nogueira, montada no Espa\u00e7o de exposi\u00e7\u00f5es S\u00f4nia Cintra<\/a>, e o&nbsp;<a href=\"https:\/\/cultura.jundiai.sp.gov.br\/exposicoes\/varal-literario\/\" target=\"_blank\" rel=\"noreferrer noopener\">\u201cVaral Liter\u00e1rio\u201d, de artistas diversos, montado na Galeria Jundia\u00ed<\/a>.<\/p>\n\n\n\n<p>A Biblioteca fica na avenida dr. Cavalcanti, 396 \u2013 Complexo Argos, e, aos s\u00e1bados, fica aberta das 9h \u00e0s 13h. Mais informa\u00e7\u00f5es pelo telefone 4527-2110.<\/p>\n\n\n\n<figure class=\"wp-block-gallery has-nested-images columns-default is-cropped wp-block-gallery-5 is-layout-flex wp-block-gallery-is-layout-flex\">\n<figure class=\"wp-block-image size-large\"><img loading=\"lazy\" decoding=\"async\" width=\"1280\" height=\"866\" data-id=\"99341\" src=\"https:\/\/tvtecjundiai.com.br\/news\/wp-content\/uploads\/sites\/2\/2022\/10\/exposicao-a-cidade-fala-ouve-quem-sente-beatriz-pastorini-nogueira_fm_-21.jpg\" alt=\"\" class=\"wp-image-99341\" srcset=\"https:\/\/tvtecjundiai.com.br\/news\/wp-content\/uploads\/sites\/2\/2022\/10\/exposicao-a-cidade-fala-ouve-quem-sente-beatriz-pastorini-nogueira_fm_-21.jpg 1280w, https:\/\/tvtecjundiai.com.br\/news\/wp-content\/uploads\/sites\/2\/2022\/10\/exposicao-a-cidade-fala-ouve-quem-sente-beatriz-pastorini-nogueira_fm_-21-300x203.jpg 300w, https:\/\/tvtecjundiai.com.br\/news\/wp-content\/uploads\/sites\/2\/2022\/10\/exposicao-a-cidade-fala-ouve-quem-sente-beatriz-pastorini-nogueira_fm_-21-1200x812.jpg 1200w, https:\/\/tvtecjundiai.com.br\/news\/wp-content\/uploads\/sites\/2\/2022\/10\/exposicao-a-cidade-fala-ouve-quem-sente-beatriz-pastorini-nogueira_fm_-21-768x520.jpg 768w\" sizes=\"auto, (max-width: 1280px) 100vw, 1280px\" \/><figcaption>Exposi\u00e7\u00f5es ficam em cartaz at\u00e9 o dia 30 deste m\u00eas<\/figcaption><\/figure>\n\n\n\n<figure class=\"wp-block-image size-large\"><img loading=\"lazy\" decoding=\"async\" width=\"1280\" height=\"853\" data-id=\"99342\" src=\"https:\/\/tvtecjundiai.com.br\/news\/wp-content\/uploads\/sites\/2\/2022\/10\/exposicao-varal-literario_fm_-4.jpg\" alt=\"\" class=\"wp-image-99342\" srcset=\"https:\/\/tvtecjundiai.com.br\/news\/wp-content\/uploads\/sites\/2\/2022\/10\/exposicao-varal-literario_fm_-4.jpg 1280w, https:\/\/tvtecjundiai.com.br\/news\/wp-content\/uploads\/sites\/2\/2022\/10\/exposicao-varal-literario_fm_-4-300x200.jpg 300w, https:\/\/tvtecjundiai.com.br\/news\/wp-content\/uploads\/sites\/2\/2022\/10\/exposicao-varal-literario_fm_-4-1200x800.jpg 1200w, https:\/\/tvtecjundiai.com.br\/news\/wp-content\/uploads\/sites\/2\/2022\/10\/exposicao-varal-literario_fm_-4-768x512.jpg 768w\" sizes=\"auto, (max-width: 1280px) 100vw, 1280px\" \/><\/figure>\n<\/figure>\n\n\n\n<p><strong>F\u00e1brica das Inf\u00e2ncias Japy<br><\/strong>J\u00e1 na\u00a0F\u00e1brica, a programa\u00e7\u00e3o do s\u00e1bado (08) traz, a partir das 10h30, o espet\u00e1culo \u201cCanto e Folia\u201d, com Tom Nando e o Legado, proposta de m\u00fasica e dan\u00e7a, num giro pela mem\u00f3ria, atrav\u00e9s de m\u00fasicas infantis de dom\u00ednio p\u00fablico e de compositores renomados da MPB, com classifica\u00e7\u00e3o livre.<\/p>\n\n\n\n<p>J\u00e1 no domingo (09), tamb\u00e9m a partir das 10h30, \u00e9 a vez da apresenta\u00e7\u00e3o de tecido acrob\u00e1tico \u201cFays: a Vida das Fadas\u201d, com quatro acrobatas do grupo Art no Ar. Embalada por m\u00fasicas celtas e muita magia, a apresenta\u00e7\u00e3o convida o p\u00fablico a entrar no mundo m\u00e1gico em que as fadas voam e exploram o imagin\u00e1rio infantil atrav\u00e9s de desenhos, cores, adere\u00e7os e asas.<\/p>\n\n\n\n<p>Al\u00e9m das atra\u00e7\u00f5es e brincadeiras internas, a F\u00e1brica conta ainda com um Parque Naturalizado \u2013 espa\u00e7o ao ar livre sem brinquedos estruturados, como balan\u00e7as e escorregadores, mas montado com elementos como troncos, galhos, folhas, terra, areia e pedras, onde a crian\u00e7ada pode ter contato com a natureza e o brincar livre, pela iniciativa&nbsp;<a href=\"https:\/\/jundiai.sp.gov.br\/noticias\/tag\/brincar-livre\/\">BrincAR LIVRE.<\/a><\/p>\n\n\n\n<p>A F\u00e1brica das Inf\u00e2ncias Japy fica na rua Lacerda Franco, 175 \u2013 Vila Arens, e fica aberta, aos s\u00e1bados e domingos, das 9h \u00e0s 13h. Durante a semana, o espa\u00e7o abre de ter\u00e7a a sexta-feira, das 9h \u00e0s 17h. A entrada de visitantes \u00e9 permitida at\u00e9 30 minutos antes do hor\u00e1rio de fechamento. Mais informa\u00e7\u00f5es pelo telefone 4521-0971.<\/p>\n\n\n\n<figure class=\"wp-block-gallery has-nested-images columns-default is-cropped wp-block-gallery-6 is-layout-flex wp-block-gallery-is-layout-flex\">\n<figure class=\"wp-block-image size-large\"><img loading=\"lazy\" decoding=\"async\" width=\"1200\" height=\"800\" data-id=\"99343\" src=\"https:\/\/tvtecjundiai.com.br\/news\/wp-content\/uploads\/sites\/2\/2022\/10\/canto-e-folia-1.jpg\" alt=\"\" class=\"wp-image-99343\" srcset=\"https:\/\/tvtecjundiai.com.br\/news\/wp-content\/uploads\/sites\/2\/2022\/10\/canto-e-folia-1.jpg 1200w, https:\/\/tvtecjundiai.com.br\/news\/wp-content\/uploads\/sites\/2\/2022\/10\/canto-e-folia-1-300x200.jpg 300w, https:\/\/tvtecjundiai.com.br\/news\/wp-content\/uploads\/sites\/2\/2022\/10\/canto-e-folia-1-768x512.jpg 768w\" sizes=\"auto, (max-width: 1200px) 100vw, 1200px\" \/><figcaption>F\u00e1brica das Inf\u00e2ncias Japy traz \u201cCanto e Folia\u201d<\/figcaption><\/figure>\n\n\n\n<figure class=\"wp-block-image size-large\"><img loading=\"lazy\" decoding=\"async\" width=\"1200\" height=\"800\" data-id=\"99344\" src=\"https:\/\/tvtecjundiai.com.br\/news\/wp-content\/uploads\/sites\/2\/2022\/10\/foto-4-art-no-ar-1-1200x800.jpeg\" alt=\"\" class=\"wp-image-99344\" srcset=\"https:\/\/tvtecjundiai.com.br\/news\/wp-content\/uploads\/sites\/2\/2022\/10\/foto-4-art-no-ar-1-1200x800.jpeg 1200w, https:\/\/tvtecjundiai.com.br\/news\/wp-content\/uploads\/sites\/2\/2022\/10\/foto-4-art-no-ar-1-300x200.jpeg 300w, https:\/\/tvtecjundiai.com.br\/news\/wp-content\/uploads\/sites\/2\/2022\/10\/foto-4-art-no-ar-1-768x512.jpeg 768w, https:\/\/tvtecjundiai.com.br\/news\/wp-content\/uploads\/sites\/2\/2022\/10\/foto-4-art-no-ar-1.jpeg 1280w\" sizes=\"auto, (max-width: 1200px) 100vw, 1200px\" \/><figcaption>e \u201cFays: a Vida das Fadas\u201d<\/figcaption><\/figure>\n<\/figure>\n\n\n\n<p><strong>Mais Teatro Polytheama<\/strong><br>Al\u00e9m do concerto da OSMJ deste s\u00e1bado (08), o teatro tem ainda no fim de semana no\u00a0<a rel=\"noreferrer noopener\" href=\"https:\/\/cultura.jundiai.sp.gov.br\/agenda-cultural\/recaptulando-com-pedro-mariano\/\" target=\"_blank\">domingo (09), \u00e0s 19h, o show musical \u201cRecaptulando\u201d, com Pedro Mariano<\/a>, em que o renomado e celebrado artista relembra can\u00e7\u00f5es que fizeram sucesso ao longo de seus 26 anos de carreira. Os ingressos para todos os setores custam R$70,00, com descontos promocionais e previstos por lei aplic\u00e1veis. Os ingressos podem ser comprados na bilheteria do teatro e\u00a0pela <a rel=\"noreferrer noopener\" href=\"https:\/\/bileto.sympla.com.br\/event\/75118\/d\/149480\" target=\"_blank\">plataforma Sympla<\/a>.<\/p>\n\n\n\n<p>O Teatro Polytheama fica na rua Bar\u00e3o de Jundia\u00ed, 176 \u2013 Centro. Mais informa\u00e7\u00f5es pelo telefone 4586-2472.<\/p>\n\n\n\n<figure class=\"wp-block-gallery has-nested-images columns-default is-cropped wp-block-gallery-7 is-layout-flex wp-block-gallery-is-layout-flex\">\n<figure class=\"wp-block-image size-large\"><img loading=\"lazy\" decoding=\"async\" width=\"1280\" height=\"853\" data-id=\"99345\" src=\"https:\/\/tvtecjundiai.com.br\/news\/wp-content\/uploads\/sites\/2\/2022\/10\/orquestra_polytheama_homenagem_7_de_setembro-5.jpg\" alt=\"\" class=\"wp-image-99345\" srcset=\"https:\/\/tvtecjundiai.com.br\/news\/wp-content\/uploads\/sites\/2\/2022\/10\/orquestra_polytheama_homenagem_7_de_setembro-5.jpg 1280w, https:\/\/tvtecjundiai.com.br\/news\/wp-content\/uploads\/sites\/2\/2022\/10\/orquestra_polytheama_homenagem_7_de_setembro-5-300x200.jpg 300w, https:\/\/tvtecjundiai.com.br\/news\/wp-content\/uploads\/sites\/2\/2022\/10\/orquestra_polytheama_homenagem_7_de_setembro-5-1200x800.jpg 1200w, https:\/\/tvtecjundiai.com.br\/news\/wp-content\/uploads\/sites\/2\/2022\/10\/orquestra_polytheama_homenagem_7_de_setembro-5-768x512.jpg 768w\" sizes=\"auto, (max-width: 1280px) 100vw, 1280px\" \/><\/figure>\n\n\n\n<figure class=\"wp-block-image size-large\"><img loading=\"lazy\" decoding=\"async\" width=\"1089\" height=\"644\" data-id=\"99346\" src=\"https:\/\/tvtecjundiai.com.br\/news\/wp-content\/uploads\/sites\/2\/2022\/10\/pedro_mariano.png\" alt=\"\" class=\"wp-image-99346\" srcset=\"https:\/\/tvtecjundiai.com.br\/news\/wp-content\/uploads\/sites\/2\/2022\/10\/pedro_mariano.png 1089w, https:\/\/tvtecjundiai.com.br\/news\/wp-content\/uploads\/sites\/2\/2022\/10\/pedro_mariano-300x177.png 300w, https:\/\/tvtecjundiai.com.br\/news\/wp-content\/uploads\/sites\/2\/2022\/10\/pedro_mariano-768x454.png 768w\" sizes=\"auto, (max-width: 1089px) 100vw, 1089px\" \/><figcaption>Al\u00e9m do concerto da OSMJ, Polytheama tem show de Pedro Mariano no fim de semana<\/figcaption><\/figure>\n<\/figure>\n\n\n\n<p>J\u00e1 a Galeria de Arte Fernanda Perracini Milani, anexa ao Teatro Polytheama, segue fechada para a montagem da pr\u00f3xima exposi\u00e7\u00e3o in\u00e9dita, que ser\u00e1 \u201cEduca\u00e7\u00e3o do Car\u00e1ter\u201d. Com estreia na segunda-feira (10), \u00e0s 19h, a mostra traz a trabalho do artista Bruno Novaes de pesquisa e constru\u00e7\u00e3o da documenta\u00e7\u00e3o uma escola fantasiosa em busca da certifica\u00e7\u00e3o para se tornar uma \u201cescola do car\u00e1ter\u201d, almejado selo que legitima sua forma\u00e7\u00e3o para al\u00e9m do conte\u00fado, atingindo tamb\u00e9m a moral do aluno. A exposi\u00e7\u00e3o poder\u00e1 ser visitada at\u00e9 o dia 08 de novembro.<\/p>\n\n\n\n<p><strong>Pinacoteca<\/strong><br>A Pinacoteca Municipal Di\u00f3genes Duarte Paes traz como&nbsp;<a href=\"https:\/\/cultura.jundiai.sp.gov.br\/exposicoes\/dialogos-insurgentes\/\" target=\"_blank\" rel=\"noreferrer noopener\">exposi\u00e7\u00e3o in\u00e9dita \u201cDi\u00e1logos Insurgentes \u2013 Pinturas Frescas\u201d, dos artistas pl\u00e1sticos Em\u00edlia Santos e Felipe Lima<\/a>, selecionada pelo edital ExpoArtes 2022. Com combina\u00e7\u00e3o de fragmentos da contemporaneidade, de articula\u00e7\u00f5es e reapropria\u00e7\u00f5es de c\u00f3digos, a exposi\u00e7\u00e3o explora uma vasta iconografia, que percorre discursos de lugar, espa\u00e7o, pertencimento, nacionalidade e identidade.<\/p>\n\n\n\n<p>Quem visitar a Pinacoteca poder\u00e1 conferir tamb\u00e9m as exposi\u00e7\u00f5es montadas com as obras de sua reserva t\u00e9cnica, como as obras de Di\u00f3genes Duarte Paes, \u00c9lvio Santiago e Inos Corradin.<\/p>\n\n\n\n<figure class=\"wp-block-gallery has-nested-images columns-default is-cropped wp-block-gallery-8 is-layout-flex wp-block-gallery-is-layout-flex\">\n<figure class=\"wp-block-image size-large\"><img loading=\"lazy\" decoding=\"async\" width=\"1200\" height=\"800\" data-id=\"99347\" src=\"https:\/\/tvtecjundiai.com.br\/news\/wp-content\/uploads\/sites\/2\/2022\/10\/exposicao-dialogos-insurgentes_fm_-1-1200x800.jpg\" alt=\"\" class=\"wp-image-99347\" srcset=\"https:\/\/tvtecjundiai.com.br\/news\/wp-content\/uploads\/sites\/2\/2022\/10\/exposicao-dialogos-insurgentes_fm_-1-1200x800.jpg 1200w, https:\/\/tvtecjundiai.com.br\/news\/wp-content\/uploads\/sites\/2\/2022\/10\/exposicao-dialogos-insurgentes_fm_-1-300x200.jpg 300w, https:\/\/tvtecjundiai.com.br\/news\/wp-content\/uploads\/sites\/2\/2022\/10\/exposicao-dialogos-insurgentes_fm_-1-768x512.jpg 768w, https:\/\/tvtecjundiai.com.br\/news\/wp-content\/uploads\/sites\/2\/2022\/10\/exposicao-dialogos-insurgentes_fm_-1.jpg 1280w\" sizes=\"auto, (max-width: 1200px) 100vw, 1200px\" \/><figcaption>Exposi\u00e7\u00e3o in\u00e9dita \u201cDi\u00e1logos Insurgentes\u201d<\/figcaption><\/figure>\n\n\n\n<figure class=\"wp-block-image size-large\"><img loading=\"lazy\" decoding=\"async\" width=\"1200\" height=\"800\" data-id=\"99348\" src=\"https:\/\/tvtecjundiai.com.br\/news\/wp-content\/uploads\/sites\/2\/2022\/10\/exposicao-dialogos-insurgentes_fm_-18-1200x800.jpg\" alt=\"\" class=\"wp-image-99348\" srcset=\"https:\/\/tvtecjundiai.com.br\/news\/wp-content\/uploads\/sites\/2\/2022\/10\/exposicao-dialogos-insurgentes_fm_-18-1200x800.jpg 1200w, https:\/\/tvtecjundiai.com.br\/news\/wp-content\/uploads\/sites\/2\/2022\/10\/exposicao-dialogos-insurgentes_fm_-18-300x200.jpg 300w, https:\/\/tvtecjundiai.com.br\/news\/wp-content\/uploads\/sites\/2\/2022\/10\/exposicao-dialogos-insurgentes_fm_-18-768x512.jpg 768w, https:\/\/tvtecjundiai.com.br\/news\/wp-content\/uploads\/sites\/2\/2022\/10\/exposicao-dialogos-insurgentes_fm_-18.jpg 1280w\" sizes=\"auto, (max-width: 1200px) 100vw, 1200px\" \/><\/figure>\n<\/figure>\n\n\n\n<p>A Pinacoteca fica no Centro Jundiaiense de Cultura Josefina Rodrigues da Silva (Jorosil), localizado na rua Bar\u00e3o de Jundia\u00ed, 109 \u2013 Centro. O espa\u00e7o fica aberto para visita\u00e7\u00e3o gratuita de ter\u00e7a a domingo, incluindo tamb\u00e9m feriados, das 10h \u00e0s 17h. Mais informa\u00e7\u00f5es pelo telefone 4586-2326.<\/p>\n\n\n\n<p><strong>Espa\u00e7o Expressa<\/strong><br>No Espa\u00e7o Expressa (antigo Complexo Fepasa), o visitante pode conferir no espa\u00e7o de exposi\u00e7\u00f5es ao lado da Sala Jundia\u00ed a&nbsp;<a href=\"https:\/\/cultura.jundiai.sp.gov.br\/exposicoes\/caos-on-canvas\/\" target=\"_blank\" rel=\"noreferrer noopener\">exposi\u00e7\u00e3o \u201cCaos on Canvas\u201d, de Didu Losso e S\u00e9rgio Scaff<\/a>. Com as interpreta\u00e7\u00f5es de 18 artistas sobre fotos de Lucas Lenci, a exposi\u00e7\u00e3o traz telas posicionadas em peda\u00e7os de cont\u00eaineres com as interpreta\u00e7\u00f5es individuais sobre o caos e o di\u00e1logo entre o crescimento urbano e a preserva\u00e7\u00e3o da natureza. Aos s\u00e1bados, a exposi\u00e7\u00e3o pode ser visitada das 8h \u00e0s 17h. J\u00e1 durante a semana fica aberta de segunda a sexta-feira, das 8h \u00e0 21h30.<\/p>\n\n\n\n<p>No Espa\u00e7o Expressa, o visitante pode conferir ainda a&nbsp;<a href=\"https:\/\/cultura.jundiai.sp.gov.br\/espacos-culturais\/museu-ferroviario\/\" target=\"_blank\" rel=\"noreferrer noopener\">exposi\u00e7\u00e3o in\u00e9dita \u201cFerrovias\u2026 muito al\u00e9m dos trilhos\u201d, no recentemente reaberto Museu Ferrovi\u00e1rio<\/a>. Por meio de documentos, fotos, r\u00e9plicas e pain\u00e9is interativos, a exposi\u00e7\u00e3o visa narrar n\u00e3o s\u00f3 a import\u00e2ncia da ferrovia para o desenvolvimento local e mundial, como tamb\u00e9m a import\u00e2ncia de seus trabalhadores e trabalhadoras.<\/p>\n\n\n\n<p>O Espa\u00e7o Expressa fica na avenida Uni\u00e3o dos Ferrovi\u00e1rios, 1760. Al\u00e9m de entrada franca, o Espa\u00e7o conta ainda com estacionamento gratuito para os visitantes. Mais informa\u00e7\u00f5es pelo telefone 4589-6800.<\/p>\n\n\n\n<figure class=\"wp-block-gallery has-nested-images columns-default is-cropped wp-block-gallery-9 is-layout-flex wp-block-gallery-is-layout-flex\">\n<figure class=\"wp-block-image size-large\"><img loading=\"lazy\" decoding=\"async\" width=\"1200\" height=\"801\" data-id=\"99349\" src=\"https:\/\/tvtecjundiai.com.br\/news\/wp-content\/uploads\/sites\/2\/2022\/10\/espaco_expressa_exposicao_caos_on_canvas_m_-46-1200x801.jpg\" alt=\"\" class=\"wp-image-99349\" srcset=\"https:\/\/tvtecjundiai.com.br\/news\/wp-content\/uploads\/sites\/2\/2022\/10\/espaco_expressa_exposicao_caos_on_canvas_m_-46-1200x801.jpg 1200w, https:\/\/tvtecjundiai.com.br\/news\/wp-content\/uploads\/sites\/2\/2022\/10\/espaco_expressa_exposicao_caos_on_canvas_m_-46-300x200.jpg 300w, https:\/\/tvtecjundiai.com.br\/news\/wp-content\/uploads\/sites\/2\/2022\/10\/espaco_expressa_exposicao_caos_on_canvas_m_-46-768x512.jpg 768w, https:\/\/tvtecjundiai.com.br\/news\/wp-content\/uploads\/sites\/2\/2022\/10\/espaco_expressa_exposicao_caos_on_canvas_m_-46.jpg 1280w\" sizes=\"auto, (max-width: 1200px) 100vw, 1200px\" \/><figcaption>No Espa\u00e7o Expressa, o visitante pode conferir as exposi\u00e7\u00f5es \u201cCaos on Canvas\u201d<\/figcaption><\/figure>\n\n\n\n<figure class=\"wp-block-image size-large\"><img loading=\"lazy\" decoding=\"async\" width=\"1200\" height=\"800\" data-id=\"99350\" src=\"https:\/\/tvtecjundiai.com.br\/news\/wp-content\/uploads\/sites\/2\/2022\/10\/museu-ferroviario_fm_-47-1200x800.jpg\" alt=\"\" class=\"wp-image-99350\" srcset=\"https:\/\/tvtecjundiai.com.br\/news\/wp-content\/uploads\/sites\/2\/2022\/10\/museu-ferroviario_fm_-47-1200x800.jpg 1200w, https:\/\/tvtecjundiai.com.br\/news\/wp-content\/uploads\/sites\/2\/2022\/10\/museu-ferroviario_fm_-47-300x200.jpg 300w, https:\/\/tvtecjundiai.com.br\/news\/wp-content\/uploads\/sites\/2\/2022\/10\/museu-ferroviario_fm_-47-768x512.jpg 768w, https:\/\/tvtecjundiai.com.br\/news\/wp-content\/uploads\/sites\/2\/2022\/10\/museu-ferroviario_fm_-47.jpg 1280w\" sizes=\"auto, (max-width: 1200px) 100vw, 1200px\" \/><figcaption>e \u201cFerrovias\u2026 muito al\u00e9m dos trilhos\u201d, no Museu Ferrovi\u00e1rio<\/figcaption><\/figure>\n<\/figure>\n\n\n\n<p><strong>Solar do Bar\u00e3o<\/strong><br>O Museu Hist\u00f3rico e Cultural permanece fechado para a montagem de uma noiva exposi\u00e7\u00e3o, sobre patrim\u00f4nios, que dever\u00e1 ser reaberta em breve.<\/p>\n\n\n\n<p>Os jardins do edif\u00edcio hist\u00f3rico tombado, no entanto, podem ser visitados gratuitamente de ter\u00e7a a domingo, das 10h \u00e0s 17h. Com acesso direto a partir do cal\u00e7ad\u00e3o da rua Bar\u00e3o, os jardins contam com diversos ambientes de refrig\u00e9rio de in\u00edcio de primavera, como bancos e sombras sob os pergolados de plantas, um jardim japon\u00eas e diversas instala\u00e7\u00f5es do programa Cidade das Crian\u00e7as, como as pinturas da campanha \u201cJundia\u00ed P\u00e9 de Inf\u00e2ncia\u201d, a casa na \u00e1rvore e os demais brinquedos de madeira.<\/p>\n\n\n\n<p>O Solar do Bar\u00e3o fica na rua Bar\u00e3o de Jundia\u00ed, 762 \u2013 Centro. Mais informa\u00e7\u00f5es pelo telefone 4521-6259.]<\/p>\n\n\n\n<figure class=\"wp-block-gallery has-nested-images columns-default is-cropped wp-block-gallery-10 is-layout-flex wp-block-gallery-is-layout-flex\">\n<figure class=\"wp-block-image size-large\"><img loading=\"lazy\" decoding=\"async\" width=\"1200\" height=\"800\" data-id=\"99351\" src=\"https:\/\/tvtecjundiai.com.br\/news\/wp-content\/uploads\/sites\/2\/2022\/10\/exposicao-taipa-e-palavra_solar-do-barao-153-1200x800.jpg\" alt=\"\" class=\"wp-image-99351\" srcset=\"https:\/\/tvtecjundiai.com.br\/news\/wp-content\/uploads\/sites\/2\/2022\/10\/exposicao-taipa-e-palavra_solar-do-barao-153-1200x800.jpg 1200w, https:\/\/tvtecjundiai.com.br\/news\/wp-content\/uploads\/sites\/2\/2022\/10\/exposicao-taipa-e-palavra_solar-do-barao-153-300x200.jpg 300w, https:\/\/tvtecjundiai.com.br\/news\/wp-content\/uploads\/sites\/2\/2022\/10\/exposicao-taipa-e-palavra_solar-do-barao-153-768x512.jpg 768w, https:\/\/tvtecjundiai.com.br\/news\/wp-content\/uploads\/sites\/2\/2022\/10\/exposicao-taipa-e-palavra_solar-do-barao-153.jpg 1280w\" sizes=\"auto, (max-width: 1200px) 100vw, 1200px\" \/><figcaption>Nos jardins do Solar, o visitante pode apreciar a natureza<\/figcaption><\/figure>\n\n\n\n<figure class=\"wp-block-image size-large\"><img loading=\"lazy\" decoding=\"async\" width=\"1200\" height=\"800\" data-id=\"99352\" src=\"https:\/\/tvtecjundiai.com.br\/news\/wp-content\/uploads\/sites\/2\/2022\/10\/reabertura-solar-do-barao-62-1200x800.jpg\" alt=\"\" class=\"wp-image-99352\" srcset=\"https:\/\/tvtecjundiai.com.br\/news\/wp-content\/uploads\/sites\/2\/2022\/10\/reabertura-solar-do-barao-62-1200x800.jpg 1200w, https:\/\/tvtecjundiai.com.br\/news\/wp-content\/uploads\/sites\/2\/2022\/10\/reabertura-solar-do-barao-62-300x200.jpg 300w, https:\/\/tvtecjundiai.com.br\/news\/wp-content\/uploads\/sites\/2\/2022\/10\/reabertura-solar-do-barao-62-768x512.jpg 768w, https:\/\/tvtecjundiai.com.br\/news\/wp-content\/uploads\/sites\/2\/2022\/10\/reabertura-solar-do-barao-62.jpg 1280w\" sizes=\"auto, (max-width: 1200px) 100vw, 1200px\" \/><\/figure>\n<\/figure>\n\n\n\n<p><strong>Pracinha da Cultura<\/strong><br>Na Pracinha da Cultura do Vista Alegre (antigo CEU das Artes), a programa\u00e7\u00e3o cultural conta com um programa de oficinas gratuitas para inscritos de diversas idades. Aos s\u00e1bados, entre as oficinas ainda com vagas dispon\u00edveis est\u00e3o a de Capoeira (maiores de sete anos), das 9h30 \u00e0s 10h30; de Maracatu (maiores de sete anos), das 14h \u00e0s 16h. Os interessados em participar podem realizar inscri\u00e7\u00e3o para a atividade no dia e local de sua realiza\u00e7\u00e3o.<\/p>\n\n\n\n<p>A programa\u00e7\u00e3o cultural na Pracinha come\u00e7a j\u00e1 nesta sexta-feira (07), \u00e0s 19h, com a exibi\u00e7\u00e3o de cinema gratuita para at\u00e9 40 pessoas, por ordem de chegada. O filme que ser\u00e1 exibido esta semana ser\u00e1 \u201cDoutor Estranho Multiverso da Loucura\u201d, cl\u00e1ssico de a\u00e7\u00e3o e aventura, com classifica\u00e7\u00e3o livre.<\/p>\n\n\n\n<p>A Pracinha da Cultura fica na Cabo Edvaldo Quirino Santana, 46-110 \u2013 Vista Alegre. Mais informa\u00e7\u00f5es pelo telefone 4521-6193.<\/p>\n\n\n\n<p><em><strong>(Fonte: Prefeitura de Jundia\u00ed\/Imagens: Prefeitura de Jundia\u00ed e Divulga\u00e7\u00e3o)<\/strong><\/em><\/p>\n","protected":false},"excerpt":{"rendered":"<p>Exposi\u00e7\u00f5es, shows musicais, concerto da OSMJ, conta\u00e7\u00e3o de hist\u00f3ria e muito mais<\/p>\n","protected":false},"author":30,"featured_media":99337,"comment_status":"closed","ping_status":"0","sticky":false,"template":"","format":"standard","meta":{"footnotes":""},"categories":[2833,8356,8354,1],"tags":[],"class_list":["post-99331","post","type-post","status-publish","format-standard","has-post-thumbnail","hentry","category-cultura","category-jundiai","category-lazer","category-noticias"],"_links":{"self":[{"href":"https:\/\/tvtecjundiai.com.br\/news\/wp-json\/wp\/v2\/posts\/99331","targetHints":{"allow":["GET"]}}],"collection":[{"href":"https:\/\/tvtecjundiai.com.br\/news\/wp-json\/wp\/v2\/posts"}],"about":[{"href":"https:\/\/tvtecjundiai.com.br\/news\/wp-json\/wp\/v2\/types\/post"}],"author":[{"embeddable":true,"href":"https:\/\/tvtecjundiai.com.br\/news\/wp-json\/wp\/v2\/users\/30"}],"replies":[{"embeddable":true,"href":"https:\/\/tvtecjundiai.com.br\/news\/wp-json\/wp\/v2\/comments?post=99331"}],"version-history":[{"count":1,"href":"https:\/\/tvtecjundiai.com.br\/news\/wp-json\/wp\/v2\/posts\/99331\/revisions"}],"predecessor-version":[{"id":99353,"href":"https:\/\/tvtecjundiai.com.br\/news\/wp-json\/wp\/v2\/posts\/99331\/revisions\/99353"}],"wp:featuredmedia":[{"embeddable":true,"href":"https:\/\/tvtecjundiai.com.br\/news\/wp-json\/wp\/v2\/media\/99337"}],"wp:attachment":[{"href":"https:\/\/tvtecjundiai.com.br\/news\/wp-json\/wp\/v2\/media?parent=99331"}],"wp:term":[{"taxonomy":"category","embeddable":true,"href":"https:\/\/tvtecjundiai.com.br\/news\/wp-json\/wp\/v2\/categories?post=99331"},{"taxonomy":"post_tag","embeddable":true,"href":"https:\/\/tvtecjundiai.com.br\/news\/wp-json\/wp\/v2\/tags?post=99331"}],"curies":[{"name":"wp","href":"https:\/\/api.w.org\/{rel}","templated":true}]}}