{"id":99357,"date":"2022-10-07T11:22:22","date_gmt":"2022-10-07T14:22:22","guid":{"rendered":"https:\/\/tvtecjundiai.com.br\/news\/?p=99357"},"modified":"2022-10-07T11:22:23","modified_gmt":"2022-10-07T14:22:23","slug":"projeto-guri-convida-graca-cunha-para-apresentacao-gratuita-no-polytheama-na-terca-feira-11","status":"publish","type":"post","link":"https:\/\/tvtecjundiai.com.br\/news\/2022\/10\/07\/projeto-guri-convida-graca-cunha-para-apresentacao-gratuita-no-polytheama-na-terca-feira-11\/","title":{"rendered":"Projeto Guri convida Gra\u00e7a Cunha para apresenta\u00e7\u00e3o gratuita no Polytheama na ter\u00e7a-feira (11)"},"content":{"rendered":"\n<p>O Polo Regional de Jundia\u00ed do Projeto Guri realiza nesta ter\u00e7a-feira (11), \u00e0s 19h, uma apresenta\u00e7\u00e3o musical gratuita no Teatro Polytheama, com a participa\u00e7\u00e3o especial da cantora, compositora e dubladora Gra\u00e7a Cunha.<\/p>\n\n\n\n<p>Com a participa\u00e7\u00e3o do Coral, Banda e Orquestra de Cordas Friccionadas do projeto, os guris e gurias recebem a convidada especial para um concerto emocionante, que deve trazer em seu repert\u00f3rio cl\u00e1ssicos como \u201cTiro ao \u00c1lvaro\u201d, do cantor e compositor Adoniran Barbosa, e \u201cValerie\u201d, can\u00e7\u00e3o imortalizada na voz de Amy Winehouse.<\/p>\n\n\n<div class=\"wp-block-image\">\n<figure class=\"aligncenter size-large is-resized\"><img loading=\"lazy\" decoding=\"async\" src=\"https:\/\/tvtecjundiai.com.br\/news\/wp-content\/uploads\/sites\/2\/2022\/10\/graca_cunha-1200x872.jpg\" alt=\"\" class=\"wp-image-99358\" width=\"684\" height=\"497\" srcset=\"https:\/\/tvtecjundiai.com.br\/news\/wp-content\/uploads\/sites\/2\/2022\/10\/graca_cunha-1200x872.jpg 1200w, https:\/\/tvtecjundiai.com.br\/news\/wp-content\/uploads\/sites\/2\/2022\/10\/graca_cunha-300x218.jpg 300w, https:\/\/tvtecjundiai.com.br\/news\/wp-content\/uploads\/sites\/2\/2022\/10\/graca_cunha-768x558.jpg 768w, https:\/\/tvtecjundiai.com.br\/news\/wp-content\/uploads\/sites\/2\/2022\/10\/graca_cunha.jpg 1280w\" sizes=\"auto, (max-width: 684px) 100vw, 684px\" \/><figcaption>A cantora, compositora e dubladora Gra\u00e7a Cunha \u00e9 a convidada especial (Foto: Divulga\u00e7\u00e3o\/Rede social)<\/figcaption><\/figure>\n<\/div>\n\n\n<p>Os ingressos gratuitos para o espet\u00e1culo ficar\u00e3o dispon\u00edveis para retirada tanto na bilheteria do Teatro quanto\u00a0na internet, pela <a rel=\"noreferrer noopener\" href=\"https:\/\/bileto.sympla.com.br\/event\/77534\/d\/163303\/s\/1090234?_\" target=\"_blank\">plataforma Sympla<\/a>, a partir das 10h30 do dia do espet\u00e1culo. Cada interessado pode retirar at\u00e9 quatro ingressos.<\/p>\n\n\n\n<p>O Projeto Guri de Educa\u00e7\u00e3o Musical \u00e9 uma iniciativa da Organiza\u00e7\u00e3o Social de Cultura Santa Marcelina e da Secretaria de Cultura e Economia Criativa do governo do Estado de S\u00e3o Paulo, e que conta, em seu polo de Jundia\u00ed, com o apoio da Unidade de Gest\u00e3o de Cultura (UGC).<\/p>\n\n\n\n<p>O Teatro Polytheama fica na rua Bar\u00e3o de Jundia\u00ed, 176 \u2013 Centro. Mais informa\u00e7\u00f5es pelo telefone 4586-2472.<\/p>\n\n\n<div class=\"wp-block-image\">\n<figure class=\"aligncenter size-large is-resized\"><img loading=\"lazy\" decoding=\"async\" src=\"https:\/\/tvtecjundiai.com.br\/news\/wp-content\/uploads\/sites\/2\/2022\/10\/projeto-guri-paco-municipal-9-1200x800.jpg\" alt=\"\" class=\"wp-image-99359\" width=\"704\" height=\"469\" srcset=\"https:\/\/tvtecjundiai.com.br\/news\/wp-content\/uploads\/sites\/2\/2022\/10\/projeto-guri-paco-municipal-9-1200x800.jpg 1200w, https:\/\/tvtecjundiai.com.br\/news\/wp-content\/uploads\/sites\/2\/2022\/10\/projeto-guri-paco-municipal-9-300x200.jpg 300w, https:\/\/tvtecjundiai.com.br\/news\/wp-content\/uploads\/sites\/2\/2022\/10\/projeto-guri-paco-municipal-9-768x512.jpg 768w, https:\/\/tvtecjundiai.com.br\/news\/wp-content\/uploads\/sites\/2\/2022\/10\/projeto-guri-paco-municipal-9.jpg 1280w\" sizes=\"auto, (max-width: 704px) 100vw, 704px\" \/><figcaption>Coral, Banda e Orquestra de Cordas Friccionadas do projeto participam do concerto gratuito<\/figcaption><\/figure>\n<\/div>\n\n\n<p><em><strong>(Fonte: Prefeitura de Jundia\u00ed\/Imagens: Prefeitura de Jundia\u00ed e Divulga\u00e7\u00e3o)<\/strong><\/em><\/p>\n","protected":false},"excerpt":{"rendered":"<p>Concerto deve trazer cl\u00e1ssicos como \u201cTiro ao \u00c1lvaro\u201d, de Adoniran Barbosa, e \u201cValerie\u201d, imortalizada na voz de Amy Winehouse<\/p>\n","protected":false},"author":30,"featured_media":99360,"comment_status":"closed","ping_status":"0","sticky":false,"template":"","format":"standard","meta":{"footnotes":""},"categories":[2833,8356,1],"tags":[],"class_list":["post-99357","post","type-post","status-publish","format-standard","has-post-thumbnail","hentry","category-cultura","category-jundiai","category-noticias"],"_links":{"self":[{"href":"https:\/\/tvtecjundiai.com.br\/news\/wp-json\/wp\/v2\/posts\/99357","targetHints":{"allow":["GET"]}}],"collection":[{"href":"https:\/\/tvtecjundiai.com.br\/news\/wp-json\/wp\/v2\/posts"}],"about":[{"href":"https:\/\/tvtecjundiai.com.br\/news\/wp-json\/wp\/v2\/types\/post"}],"author":[{"embeddable":true,"href":"https:\/\/tvtecjundiai.com.br\/news\/wp-json\/wp\/v2\/users\/30"}],"replies":[{"embeddable":true,"href":"https:\/\/tvtecjundiai.com.br\/news\/wp-json\/wp\/v2\/comments?post=99357"}],"version-history":[{"count":1,"href":"https:\/\/tvtecjundiai.com.br\/news\/wp-json\/wp\/v2\/posts\/99357\/revisions"}],"predecessor-version":[{"id":99361,"href":"https:\/\/tvtecjundiai.com.br\/news\/wp-json\/wp\/v2\/posts\/99357\/revisions\/99361"}],"wp:featuredmedia":[{"embeddable":true,"href":"https:\/\/tvtecjundiai.com.br\/news\/wp-json\/wp\/v2\/media\/99360"}],"wp:attachment":[{"href":"https:\/\/tvtecjundiai.com.br\/news\/wp-json\/wp\/v2\/media?parent=99357"}],"wp:term":[{"taxonomy":"category","embeddable":true,"href":"https:\/\/tvtecjundiai.com.br\/news\/wp-json\/wp\/v2\/categories?post=99357"},{"taxonomy":"post_tag","embeddable":true,"href":"https:\/\/tvtecjundiai.com.br\/news\/wp-json\/wp\/v2\/tags?post=99357"}],"curies":[{"name":"wp","href":"https:\/\/api.w.org\/{rel}","templated":true}]}}