{"id":99380,"date":"2022-10-07T15:41:08","date_gmt":"2022-10-07T18:41:08","guid":{"rendered":"https:\/\/tvtecjundiai.com.br\/news\/?p=99380"},"modified":"2022-10-07T15:43:26","modified_gmt":"2022-10-07T18:43:26","slug":"feriado-de-12-10-empresarios-devem-solicitar-adesao","status":"publish","type":"post","link":"https:\/\/tvtecjundiai.com.br\/news\/2022\/10\/07\/feriado-de-12-10-empresarios-devem-solicitar-adesao\/","title":{"rendered":"Empres\u00e1rios que queiram trabalhar no feriado devem solicitar ades\u00e3o"},"content":{"rendered":"\n<p>O Sindicato do Com\u00e9rcio Varejista de Jundia\u00ed e Regi\u00e3o (Sincomercio) informa que os empres\u00e1rios que tiverem interesse em trabalhar no&nbsp;feriado&nbsp;de 12 de outubro, Dia de Nossa Senhora Aparecida, padroeira do Brasil, dever\u00e3o procurar a entidade patronal com anteced\u00eancia para solicitar a ades\u00e3o.<\/p>\n\n\n\n<p>A entidade ressalta que o empres\u00e1rio que optar pela abertura neste&nbsp;feriado&nbsp;de 12\/10 dever\u00e1 se atentar para as normas previstas na Conven\u00e7\u00e3o Coletiva de Trabalho (CCT), como pagamento de horas-extras, concess\u00e3o de folga compensat\u00f3ria, vale-transporte e alimenta\u00e7\u00e3o. Neste dia, as lojas do com\u00e9rcio de rua do Centro e dos bairros poder\u00e3o atender at\u00e9 as 18h.<\/p>\n\n\n\n<p><\/p>\n\n\n\n<figure class=\"wp-block-gallery has-nested-images columns-default is-cropped wp-block-gallery-1 is-layout-flex wp-block-gallery-is-layout-flex\">\n<figure class=\"wp-block-image size-large\"><img loading=\"lazy\" decoding=\"async\" width=\"600\" height=\"400\" data-id=\"99381\" src=\"https:\/\/tvtecjundiai.com.br\/news\/wp-content\/uploads\/sites\/2\/2022\/10\/Comercio-no-Centro-de-Jundiai-2022-2.jpeg\" alt=\"\" class=\"wp-image-99381\" srcset=\"https:\/\/tvtecjundiai.com.br\/news\/wp-content\/uploads\/sites\/2\/2022\/10\/Comercio-no-Centro-de-Jundiai-2022-2.jpeg 600w, https:\/\/tvtecjundiai.com.br\/news\/wp-content\/uploads\/sites\/2\/2022\/10\/Comercio-no-Centro-de-Jundiai-2022-2-300x200.jpeg 300w\" sizes=\"auto, (max-width: 600px) 100vw, 600px\" \/><\/figure>\n\n\n\n<figure class=\"wp-block-image size-large\"><img loading=\"lazy\" decoding=\"async\" width=\"1040\" height=\"780\" data-id=\"99382\" src=\"https:\/\/tvtecjundiai.com.br\/news\/wp-content\/uploads\/sites\/2\/2022\/10\/Comercio-no-Centro-de-Jundiai-2022-1.jpeg\" alt=\"\" class=\"wp-image-99382\" srcset=\"https:\/\/tvtecjundiai.com.br\/news\/wp-content\/uploads\/sites\/2\/2022\/10\/Comercio-no-Centro-de-Jundiai-2022-1.jpeg 1040w, https:\/\/tvtecjundiai.com.br\/news\/wp-content\/uploads\/sites\/2\/2022\/10\/Comercio-no-Centro-de-Jundiai-2022-1-300x225.jpeg 300w, https:\/\/tvtecjundiai.com.br\/news\/wp-content\/uploads\/sites\/2\/2022\/10\/Comercio-no-Centro-de-Jundiai-2022-1-768x576.jpeg 768w\" sizes=\"auto, (max-width: 1040px) 100vw, 1040px\" \/><\/figure>\n<\/figure>\n\n\n\n<p><\/p>\n\n\n\n<p><strong>Como solicitar?<\/strong><\/p>\n\n\n\n<p>O pedido do Certificado de Ades\u00e3o para Trabalho em&nbsp;Feriados&nbsp;deve ser feito com anteced\u00eancia pelo site&nbsp;<a rel=\"noreferrer noopener\" href=\"http:\/\/www.sincomerciojundiai.com.br\/\" target=\"_blank\">www.sincomerciojundiai.com.br<\/a>&nbsp;(Solicita\u00e7\u00e3o de abertura no&nbsp;feriado). Em caso de d\u00favidas, informe-se pelo telefone (11) 4583-1410 ou pelos emails&nbsp;<a rel=\"noreferrer noopener\" href=\"mailto:cadastro@sincomerciojundiai.com.br\" target=\"_blank\">cadastro@sincomerciojundiai.com.br<\/a>&nbsp;e&nbsp;<a rel=\"noreferrer noopener\" href=\"mailto:comercial@sincomerciojundiai.com.br\" target=\"_blank\">comercial@sincomerciojundiai.com.br<\/a><\/p>\n\n\n\n<p><strong><em>(Fonte \/ Imagens: Assessoria de Comunica\u00e7\u00e3o do Sincomercio Jundia\u00ed e Regi\u00e3o)<\/em><\/strong><\/p>\n","protected":false},"excerpt":{"rendered":"<p>O empres\u00e1rio que optar pela abertura no\u00a0feriado\u00a0dever\u00e1 se atentar para as normas previstas na Conven\u00e7\u00e3o Coletiva de Trabalho<\/p>\n","protected":false},"author":19,"featured_media":99381,"comment_status":"closed","ping_status":"0","sticky":false,"template":"","format":"standard","meta":{"footnotes":""},"categories":[1],"tags":[],"class_list":["post-99380","post","type-post","status-publish","format-standard","has-post-thumbnail","hentry","category-noticias"],"_links":{"self":[{"href":"https:\/\/tvtecjundiai.com.br\/news\/wp-json\/wp\/v2\/posts\/99380","targetHints":{"allow":["GET"]}}],"collection":[{"href":"https:\/\/tvtecjundiai.com.br\/news\/wp-json\/wp\/v2\/posts"}],"about":[{"href":"https:\/\/tvtecjundiai.com.br\/news\/wp-json\/wp\/v2\/types\/post"}],"author":[{"embeddable":true,"href":"https:\/\/tvtecjundiai.com.br\/news\/wp-json\/wp\/v2\/users\/19"}],"replies":[{"embeddable":true,"href":"https:\/\/tvtecjundiai.com.br\/news\/wp-json\/wp\/v2\/comments?post=99380"}],"version-history":[{"count":4,"href":"https:\/\/tvtecjundiai.com.br\/news\/wp-json\/wp\/v2\/posts\/99380\/revisions"}],"predecessor-version":[{"id":99387,"href":"https:\/\/tvtecjundiai.com.br\/news\/wp-json\/wp\/v2\/posts\/99380\/revisions\/99387"}],"wp:featuredmedia":[{"embeddable":true,"href":"https:\/\/tvtecjundiai.com.br\/news\/wp-json\/wp\/v2\/media\/99381"}],"wp:attachment":[{"href":"https:\/\/tvtecjundiai.com.br\/news\/wp-json\/wp\/v2\/media?parent=99380"}],"wp:term":[{"taxonomy":"category","embeddable":true,"href":"https:\/\/tvtecjundiai.com.br\/news\/wp-json\/wp\/v2\/categories?post=99380"},{"taxonomy":"post_tag","embeddable":true,"href":"https:\/\/tvtecjundiai.com.br\/news\/wp-json\/wp\/v2\/tags?post=99380"}],"curies":[{"name":"wp","href":"https:\/\/api.w.org\/{rel}","templated":true}]}}