{"id":9951,"date":"2018-05-08T09:05:00","date_gmt":"2018-05-08T12:05:00","guid":{"rendered":"https:\/\/tvtecjundiai.com.br\/news\/?p=9951"},"modified":"2018-05-09T09:01:46","modified_gmt":"2018-05-09T12:01:46","slug":"pat-divulga-vagas-disponiveis-em-jundiai-e-regiao-8","status":"publish","type":"post","link":"https:\/\/tvtecjundiai.com.br\/news\/2018\/05\/08\/pat-divulga-vagas-disponiveis-em-jundiai-e-regiao-8\/","title":{"rendered":"PAT divulga vagas dispon\u00edveis em Jundia\u00ed e regi\u00e3o (8)"},"content":{"rendered":"<p>Confira as vagas:<\/p>\n<ul>\n<li><strong>Assistente de Vendas<\/strong>\u00a0(liberado em 07\/05\/2018) \u2013 6 meses de experi\u00eancia em CTPS; ensino m\u00e9dio completo; somente candidatos de Jundia\u00ed e V\u00e1rzea Paulista.<\/li>\n<li><strong>Auxiliar de Jardinagem na Conserva\u00e7\u00e3o de Vias Permanentes<\/strong>\u00a0(liberado em 04\/05\/2018) \u2013 6 meses de experi\u00eancia em CTPS; ensino fundamental completo; somente candidatos de Jundia\u00ed e V\u00e1rzea Paulista.<\/li>\n<li><strong>Auxiliar de limpeza<\/strong>\u00a0(liberado em 07\/05\/2018) \u2013 6 meses de experi\u00eancia em CTPS; ensino fundamental completo; somente candidatos de Jundia\u00ed e V\u00e1rzea Paulista.<\/li>\n<li><strong>Auxiliar de Mec\u00e2nico de Ve\u00edculos Pesados<\/strong>\u00a0(liberado em 03\/05\/2018) \u2013 6 meses de experi\u00eancia em CTPS; ensino m\u00e9dio completo; somente candidatos de Jundia\u00ed.<\/li>\n<li><strong>Balconista de A\u00e7ougue<\/strong>\u00a0(liberado em 07\/05\/2018) \u2013 6 meses de experi\u00eancia em CTPS; ensino fundamental completo; somente candidatos de Jundia\u00ed.<\/li>\n<li><strong>Bilheteiro de Parque de Divers\u00e3o<\/strong>\u00a0(liberado em 07\/05\/2018) \u2013 ensino m\u00e9dio completo; somente candidatos de Jundia\u00ed, Vinhedo, Valinhos e Louveira.<\/li>\n<li><strong>Encarregado de Limpeza<\/strong>\u00a0(liberado em 07\/05\/2018) \u2013 6 meses de experi\u00eancia em CTPS; ensino m\u00e9dio completo; somente candidatos de Jundia\u00ed e V\u00e1rzea Paulista.<\/li>\n<li><strong>Fiscal de Loja<\/strong>\u00a0(liberado em 07\/05\/2018) \u2013 6 meses de experi\u00eancia em CTPS; ensino m\u00e9dio completo; somente candidatos de Jundia\u00ed, V\u00e1rzea Paulista.<\/li>\n<li><strong>Fiscal de Preven\u00e7\u00e3o de Perdas<\/strong>\u00a0(liberado em 07\/05\/2018) \u2013 6 meses de experi\u00eancia em CTPS; ensino m\u00e9dio completo; somente candidatos de Jundia\u00ed e V\u00e1rzea Paulista.<\/li>\n<li><strong>L\u00edder de Servi\u00e7o de limpeza<\/strong>\u00a0(liberado em 04\/05\/2018) \u2013 6 meses de experi\u00eancia em CTPS; ensino m\u00e9dio incompleto; somente candidatos de Jundia\u00ed e V\u00e1rzea Paulista.<\/li>\n<li><strong>Nutricionista<\/strong>\u00a0(liberado em 02\/05\/2018) \u2013 6 meses de experi\u00eancia em CTPS; ensino superior completo em nutri\u00e7\u00e3o; necess\u00e1rio ve\u00edculo pr\u00f3prio; disponibilidade para viagens; somente candidatos de Jundia\u00ed.<\/li>\n<li><strong>Repositor em Supermercado<\/strong>\u00a0(liberado em 07\/05\/2018) \u2013 6 meses de experi\u00eancia em CTPS; ensino m\u00e9dio completo; somente candidatos de Jundia\u00ed e V\u00e1rzea Paulista.<\/li>\n<li><strong>Vaga exclusiva PCD (Pessoas com Defici\u00eancia)<\/strong>\u00a0(liberado em 02\/05\/2018) \u2013 Atendente de lojas e Supermercado &#8211; ensino fundamental completo; necess\u00e1rio laudo m\u00e9dico.<\/li>\n<\/ul>\n<p>Os interessados devem comparecer \u00e0 rua Zacarias de Goes, 530, Centro. O atendimento do PAT Jundia\u00ed \u00e9 feito de segunda a sexta-feira, das 8h \u00e0s 16h30. \u00c9 necess\u00e1rio levar RG, CPF, carteira de trabalho, PIS ou cart\u00e3o do cidad\u00e3o.<\/p>\n<p>\u00daltima atualiza\u00e7\u00e3o em\u00a008\/05\/2018 08:56<\/p>\n<p><em>Fonte: Prefeitura de Jundia\u00ed<\/em><\/p>\n","protected":false},"excerpt":{"rendered":"<p>Pode haver altera\u00e7\u00e3o no quadro de disponibilidade durante a semana<\/p>\n","protected":false},"author":11,"featured_media":8107,"comment_status":"closed","ping_status":"closed","sticky":false,"template":"","format":"standard","meta":{"footnotes":""},"categories":[29,2829,1],"tags":[286,37,5,39,15],"class_list":["post-9951","post","type-post","status-publish","format-standard","has-post-thumbnail","hentry","category-destaque","category-economia","category-noticias","tag-carteira-de-trabalho","tag-emprego","tag-jundiai","tag-pat","tag-tvtec"],"_links":{"self":[{"href":"https:\/\/tvtecjundiai.com.br\/news\/wp-json\/wp\/v2\/posts\/9951","targetHints":{"allow":["GET"]}}],"collection":[{"href":"https:\/\/tvtecjundiai.com.br\/news\/wp-json\/wp\/v2\/posts"}],"about":[{"href":"https:\/\/tvtecjundiai.com.br\/news\/wp-json\/wp\/v2\/types\/post"}],"author":[{"embeddable":true,"href":"https:\/\/tvtecjundiai.com.br\/news\/wp-json\/wp\/v2\/users\/11"}],"replies":[{"embeddable":true,"href":"https:\/\/tvtecjundiai.com.br\/news\/wp-json\/wp\/v2\/comments?post=9951"}],"version-history":[{"count":4,"href":"https:\/\/tvtecjundiai.com.br\/news\/wp-json\/wp\/v2\/posts\/9951\/revisions"}],"predecessor-version":[{"id":9955,"href":"https:\/\/tvtecjundiai.com.br\/news\/wp-json\/wp\/v2\/posts\/9951\/revisions\/9955"}],"wp:featuredmedia":[{"embeddable":true,"href":"https:\/\/tvtecjundiai.com.br\/news\/wp-json\/wp\/v2\/media\/8107"}],"wp:attachment":[{"href":"https:\/\/tvtecjundiai.com.br\/news\/wp-json\/wp\/v2\/media?parent=9951"}],"wp:term":[{"taxonomy":"category","embeddable":true,"href":"https:\/\/tvtecjundiai.com.br\/news\/wp-json\/wp\/v2\/categories?post=9951"},{"taxonomy":"post_tag","embeddable":true,"href":"https:\/\/tvtecjundiai.com.br\/news\/wp-json\/wp\/v2\/tags?post=9951"}],"curies":[{"name":"wp","href":"https:\/\/api.w.org\/{rel}","templated":true}]}}