{"id":99528,"date":"2022-10-11T10:55:55","date_gmt":"2022-10-11T13:55:55","guid":{"rendered":"https:\/\/tvtecjundiai.com.br\/news\/?p=99528"},"modified":"2022-10-11T10:56:00","modified_gmt":"2022-10-11T13:56:00","slug":"confira-o-abre-e-fecha-em-jundiai-no-feriado-nacional-do-dia-da-padroeira","status":"publish","type":"post","link":"https:\/\/tvtecjundiai.com.br\/news\/2022\/10\/11\/confira-o-abre-e-fecha-em-jundiai-no-feriado-nacional-do-dia-da-padroeira\/","title":{"rendered":"Confira o Abre e Fecha em Jundia\u00ed no feriado nacional do Dia da Padroeira"},"content":{"rendered":"\n<p>Nesta quarta-feira (12), por conta do feriado nacional do Dia da Padroeira do Brasil, alguns equipamentos e servi\u00e7os p\u00fablicos municipais poder\u00e3o ter seus hor\u00e1rios de funcionamento alterados, conforme estabelecido pelo&nbsp;<a href=\"https:\/\/jundiai.sp.gov.br\/administracao-e-gestao-de-pessoas\/wp-content\/uploads\/sites\/16\/2021\/11\/decreto-30-673-2021-feriados-e-pontos-facultativos-2022.pdf\" target=\"_blank\" rel=\"noreferrer noopener\">Decreto Municipal n\u00ba 30.673, de 22 de novembro de 2021<\/a>. Confira abaixo os detalhes do funcionamento:<\/p>\n\n\n\n<p><strong>Pa\u00e7o Municipal<\/strong><br>O Pa\u00e7o permanece fechado nesta quarta-feira (12) e reabre na quinta-feira (13), \u00e0s 8h.<\/p>\n\n\n\n<p><strong>Mobilidade e Transporte<\/strong><br>Durante a quarta-feira (12), todas as linhas seguem tabela hor\u00e1ria de domingo.\u00a0<a rel=\"noreferrer noopener\" href=\"https:\/\/situ.jundiai.sp.gov.br\/\" target=\"_blank\">As tabelas com hor\u00e1rios dos \u00f4nibus podem ser conferidas na internet<\/a>.<\/p>\n\n\n\n<figure class=\"wp-block-image size-large\"><img loading=\"lazy\" decoding=\"async\" width=\"1200\" height=\"829\" src=\"https:\/\/tvtecjundiai.com.br\/news\/wp-content\/uploads\/sites\/2\/2022\/10\/paco-4-1200x829.jpg\" alt=\"\" class=\"wp-image-99530\" srcset=\"https:\/\/tvtecjundiai.com.br\/news\/wp-content\/uploads\/sites\/2\/2022\/10\/paco-4-1200x829.jpg 1200w, https:\/\/tvtecjundiai.com.br\/news\/wp-content\/uploads\/sites\/2\/2022\/10\/paco-4-300x207.jpg 300w, https:\/\/tvtecjundiai.com.br\/news\/wp-content\/uploads\/sites\/2\/2022\/10\/paco-4-768x531.jpg 768w, https:\/\/tvtecjundiai.com.br\/news\/wp-content\/uploads\/sites\/2\/2022\/10\/paco-4.jpg 1240w\" sizes=\"auto, (max-width: 1200px) 100vw, 1200px\" \/><figcaption>Pa\u00e7o retoma atendimento ao p\u00fablico nesta quinta (13)<\/figcaption><\/figure>\n\n\n\n<p><strong>Cultura<\/strong><br>Nesta quarta-feira (12), a Biblioteca Municipal Professor Nelson Foot (avenida Dr. Cavalcanti, 396 \u2013 Complexo Argos) fica aberta das 9h \u00e0s 13h, tanto para a pesquisa, retirada e devolu\u00e7\u00e3o de livros.\u00a0A Biblioteca recebe tamb\u00e9m atra\u00e7\u00f5es do programa Cidade das Crian\u00e7as para o Dia das Crian\u00e7as. \u00c0s 10h, Gabriel Pereira e Luiza Bitencourt trazem a oficina \u201cBrincadeiras musicadas\u201d, para as 20 primeiras crian\u00e7as que chegarem. J\u00e1 \u00e0s 11h, a Cia. Tramp de Palha\u00e7os apresenta o espet\u00e1culo \u201cA Refei\u00e7\u00e3o\u201d. Quem for \u00e0 Biblioteca poder\u00e1 conferir tamb\u00e9m a exposi\u00e7\u00e3o\u00a0<a rel=\"noreferrer noopener\" href=\"https:\/\/cultura.jundiai.sp.gov.br\/exposicoes\/a-cidade-fala-ouve-quem-sente-2\/\" target=\"_blank\">\u201cA cidade fala, ouve quem sente\u201d, de Beatriz Nogueira<\/a>, e\u00a0<a rel=\"noreferrer noopener\" href=\"https:\/\/cultura.jundiai.sp.gov.br\/exposicoes\/varal-literario\/\" target=\"_blank\">\u201cVaral Liter\u00e1rio\u201d<\/a>.<\/p>\n\n\n\n<p>A F\u00e1brica das Inf\u00e2ncias Japy (rua Lacerda Franco, 175, Vila Arens) tamb\u00e9m abre das 9h \u00e0s 13h. Al\u00e9m do espa\u00e7o para brincadeiras e do Parque Naturalizado, a crian\u00e7ada tamb\u00e9m poder\u00e1 se divertir com a\u00a0programa\u00e7\u00e3o especial do Dia das Crian\u00e7as, das 9h \u00e0s 12h, com as brincadeiras e jogos propostos pelo grupo Amorah. A entrada \u00e9 gratuita.<\/p>\n\n\n\n<p>O Museu Hist\u00f3rico e Cultural de Jundia\u00ed \u2013 Solar do Bar\u00e3o (rua Bar\u00e3o de Jundia\u00ed, 762, Centro) permanecer\u00e1 aberto, das 10h \u00e0s 17h. Os visitantes poder\u00e3o conferir gratuitamente a nova exposi\u00e7\u00e3o \u201cPatrim\u00f4nios Culturais de Jundia\u00ed\u201d e aproveitar tamb\u00e9m seus jardins.<\/p>\n\n\n\n<p>A Pinacoteca Municipal Di\u00f3genes Duarte Paes (rua Bar\u00e3o de Jundia\u00ed, 109, Centro) tamb\u00e9m fica aberta para visita\u00e7\u00e3o gratuita das 10h \u00e0s 17h, com a exposi\u00e7\u00e3o in\u00e9dita&nbsp;<a href=\"https:\/\/cultura.jundiai.sp.gov.br\/exposicoes\/dialogos-insurgentes\/\" target=\"_blank\" rel=\"noreferrer noopener\">\u201cDi\u00e1logos Insurgentes\u201d, dos artistas pl\u00e1sticos Em\u00edlia Santos e Felipe Lima<\/a>&nbsp;e as exposi\u00e7\u00f5es com as obras da reserva t\u00e9cnica de Di\u00f3genes Duarte Paes, \u00c9lvio Santiago e Inos Corradin.<\/p>\n\n\n\n<p>J\u00e1 a bilheteria do Teatro Polytheama (rua Bar\u00e3o de Jundia\u00ed, 176, Centro) fica aberta das 10h \u00e0s 17h. Ser\u00e3o realizadas nesta quarta-feira (12) duas apresenta\u00e7\u00f5es do&nbsp;<a rel=\"noreferrer noopener\" href=\"https:\/\/bileto.sympla.com.br\/event\/77126\/d\/160914\" target=\"_blank\">espet\u00e1culo \u201cProcurando Luiz\u201d, da 12 por 8 Produ\u00e7\u00f5es: uma \u00e0s 11h e outra \u00e0s 16h<\/a>. A Galeria de Arte Fernanda Perracini Milani (anexa ao Teatro) tamb\u00e9m fica aberta, das 10h \u00e0s 13h, com a exposi\u00e7\u00e3o gratuita \u201cEduca\u00e7\u00e3o do Car\u00e1ter\u201d, do artista Bruno Novaes.<\/p>\n\n\n\n<p>O Espa\u00e7o Expressa \u2013 antigo Complexo Fepasa (avenida Uni\u00e3o dos Ferrovi\u00e1rios, 1.760), inclusive o Museu Ferrovi\u00e1rio, ficar\u00e1 fechado nesta quarta-feira nesta quarta (12) para as obras de reforma do telhado do galp\u00e3o de estacionamento. O Espa\u00e7o reabre na quinta-feira (13), com redu\u00e7\u00e3o das vagas de estacionamento coberto, ainda por conta das obras.<\/p>\n\n\n\n<p>Na Pracinha da Cultura do Vista Alegre \u2013 antigo CEU das Artes (rua Cabo Edvaldo Quirino Santana, 46-110) as atividades das oficinas culturais gratuitas estar\u00e3o suspensas no feriado, sendo retomadas na quinta-feira (13).<\/p>\n\n\n\n<p><a href=\"https:\/\/jundiai.sp.gov.br\/noticias\/2022\/10\/09\/programacao-do-dia-das-criancas-traz-atracoes-culturais-gratuitas-ao-longo-da-semana\/\">A agenda cultural completa do Dia das Crian\u00e7as pode ser conferida no site da Prefeitura<\/a>.<\/p>\n\n\n\n<figure class=\"wp-block-image size-large\"><img loading=\"lazy\" decoding=\"async\" width=\"1200\" height=\"800\" src=\"https:\/\/tvtecjundiai.com.br\/news\/wp-content\/uploads\/sites\/2\/2022\/10\/ruas_de_brincar_fabrica_japy-18-1-1200x800.jpg\" alt=\"\" class=\"wp-image-99531\" srcset=\"https:\/\/tvtecjundiai.com.br\/news\/wp-content\/uploads\/sites\/2\/2022\/10\/ruas_de_brincar_fabrica_japy-18-1-1200x800.jpg 1200w, https:\/\/tvtecjundiai.com.br\/news\/wp-content\/uploads\/sites\/2\/2022\/10\/ruas_de_brincar_fabrica_japy-18-1-300x200.jpg 300w, https:\/\/tvtecjundiai.com.br\/news\/wp-content\/uploads\/sites\/2\/2022\/10\/ruas_de_brincar_fabrica_japy-18-1-768x512.jpg 768w, https:\/\/tvtecjundiai.com.br\/news\/wp-content\/uploads\/sites\/2\/2022\/10\/ruas_de_brincar_fabrica_japy-18-1.jpg 1280w\" sizes=\"auto, (max-width: 1200px) 100vw, 1200px\" \/><figcaption>F\u00e1brica das Inf\u00e2ncias Japy e Biblioteca recebem programa\u00e7\u00e3o infantojuvenil pelo programa Cidade das Crian\u00e7as<\/figcaption><\/figure>\n\n\n\n<p><strong>Parques<\/strong><br>Nesta quarta-feira (12), o Mundo das Crian\u00e7as funciona das 7h \u00e0s 17h, com&nbsp;<a href=\"https:\/\/mundodascriancasjundiai.com.br\/agendamento\/\" target=\"_blank\" rel=\"noreferrer noopener\">agendamento pr\u00e9vio pelo site<\/a>. J\u00e1 o&nbsp;<a href=\"https:\/\/parquedacidadejundiai.com.br\/\" target=\"_blank\" rel=\"noreferrer noopener\">Parque da Cidade<\/a>&nbsp;fica aberto das 6h30 \u00e0s 19h.&nbsp;<a href=\"https:\/\/jundiai.sp.gov.br\/noticias\/2022\/10\/05\/dia-das-criancas-programacao-especial-no-parque-da-cidade-e-exposicao-no-mundo\/\">Ambos possuem programa\u00e7\u00e3o especial do Dia das Crian\u00e7as<\/a>&nbsp;e est\u00e3o localizados na Rodovia Jo\u00e3o Cereser, Pinheirinho, respectivamente com acesso pelos quil\u00f4metros 64,4 e 66, com entrada e estacionamento gratuitos.<\/p>\n\n\n\n<p>Os demais parques municipais tamb\u00e9m permanecem abertos, das 8h \u00e0s 17h. Nos parques de grande porte, a entrada ser\u00e1 permitida somente at\u00e9 uma hora antes do hor\u00e1rio de fechamento.&nbsp;<a href=\"https:\/\/jundiai.sp.gov.br\/noticias\/2022\/10\/09\/programacao-do-dia-das-criancas-traz-atracoes-culturais-gratuitas-ao-longo-da-semana\/\" target=\"_blank\" rel=\"noreferrer noopener\">O Parque do Trabalhador (Corrupira) tamb\u00e9m recebe ao longo do dia atra\u00e7\u00f5es gratuitas pelo Dia das Crian\u00e7as<\/a>.<\/p>\n\n\n\n<p><strong>Sa\u00fade<\/strong><br>As Unidades B\u00e1sicas de Sa\u00fade (UBSs), Cl\u00ednicas da Fam\u00edlia, Ambulat\u00f3rios, CAPS 2, CAPS 3 e o CAPS Infantojuvenil permanecem fechados na quarta-feira (12) e reabrem na quinta-feira (13). J\u00e1 o CAPS AD fica aberto 24 horas, apenas para acolhidos.<\/p>\n\n\n\n<p>As Unidades de Pronto-Atendimento (PAs) da Ponte S\u00e3o Jo\u00e3o (rua Santo Ant\u00f4nio, 191), Retiro (rua Maria L\u00facia de Almeida, 100) e Hortol\u00e2ndia (rua Campinas, 58, Vila Hortol\u00e2ndia) funcionam das 7h \u00e0s 19h (com fechamento dos port\u00f5es \u00e0s 18h), para atendimento de s\u00edndrome gripal e demanda geral adulto e crian\u00e7a.<\/p>\n\n\n\n<p>As situa\u00e7\u00f5es de urg\u00eancia devem ser encaminhadas para PA Central (adultos), Hospital Universit\u00e1rio (gestantes, crian\u00e7as e adolescentes), UPA 24h Vetor Oeste (crian\u00e7as e adultos), diariamente, 24h. O Hospital S\u00e3o Vicente de Paulo permanece sem altera\u00e7\u00e3o no fluxo de atendimento durante o feriado.<\/p>\n\n\n\n<p>O cronograma de imuniza\u00e7\u00e3o contra COVID-19 segue conforme divulgado previamente no <a href=\"https:\/\/jundiai.sp.gov.br\/coronavirus\/calendario-de-vacinacao\/\">Calend\u00e1rio de Vacina\u00e7\u00e3o<\/a>. O atendimento ocorre at\u00e9 ter\u00e7a-feira (11), retornando na quinta-feira (13) nas UBSs e no Polo de Vacina\u00e7\u00e3o na Cidade Administrativa (antiga Creche do Idoso).<\/p>\n\n\n\n<p><strong>Educa\u00e7\u00e3o<\/strong><br>As unidades de ensino da rede municipal tamb\u00e9m n\u00e3o funcionam na quarta (12) e retomam o atendimento normal na quinta-feira (13).<\/p>\n\n\n\n<figure class=\"wp-block-image size-large\"><img loading=\"lazy\" decoding=\"async\" width=\"1200\" height=\"800\" src=\"https:\/\/tvtecjundiai.com.br\/news\/wp-content\/uploads\/sites\/2\/2022\/10\/mundo-das-criancas_creche-106-1200x800.jpg\" alt=\"\" class=\"wp-image-99532\" srcset=\"https:\/\/tvtecjundiai.com.br\/news\/wp-content\/uploads\/sites\/2\/2022\/10\/mundo-das-criancas_creche-106-1200x800.jpg 1200w, https:\/\/tvtecjundiai.com.br\/news\/wp-content\/uploads\/sites\/2\/2022\/10\/mundo-das-criancas_creche-106-300x200.jpg 300w, https:\/\/tvtecjundiai.com.br\/news\/wp-content\/uploads\/sites\/2\/2022\/10\/mundo-das-criancas_creche-106-768x512.jpg 768w, https:\/\/tvtecjundiai.com.br\/news\/wp-content\/uploads\/sites\/2\/2022\/10\/mundo-das-criancas_creche-106.jpg 1280w\" sizes=\"auto, (max-width: 1200px) 100vw, 1200px\" \/><figcaption>Mundo das Crian\u00e7as poder\u00e1 ser visitado na quarta (12) sob agendamento<\/figcaption><\/figure>\n\n\n\n<p><strong>DAE<\/strong><br>A sede administrativa e os Postos de Atendimento da Vila Hortol\u00e2ndia, Centro, Ponte S\u00e3o Jo\u00e3o, Eloy Chaves e Poupatempo n\u00e3o ter\u00e3o expediente nesta quarta-feira (12). Em caso de emerg\u00eancia, os mun\u00edcipes podem entrar em contato com a empresa pela Central de Relacionamento, no telefone 0800 0133 155, com atendimento 24 horas.&nbsp;<a rel=\"noreferrer noopener\" href=\"http:\/\/www.daejundiai.com.br\/\" target=\"_blank\">Mais informa\u00e7\u00f5es tamb\u00e9m podem ser obtidas pelo site da empresa<\/a>.<\/p>\n\n\n\n<p><strong>Coleta de lixo<\/strong><br>Os cronogramas de coletas org\u00e2nica, seletiva cata-treco e seletiva recicl\u00e1vel seguem com normalidade e podem ser&nbsp;<a href=\"https:\/\/jundiai.sp.gov.br\/infraestrutura-e-servicos-publicos\/limpeza-publica\/coleta-organica-seletiva-e-cata-treco\/\">consultados no site da Prefeitura<\/a>.<\/p>\n\n\n\n<p><strong>Feiras e varej\u00f5es<\/strong><br>Nesta quarta-feira (07), as feiras e varej\u00f5es seguem a programa\u00e7\u00e3o normal, incluindo os varej\u00f5es noturnos do Eloy Chaves e na avenida Nove de Julho (Pra\u00e7a Dr. Arthur Ricci \u2013 Pra\u00e7a C\u00edvica). Toda a programa\u00e7\u00e3o, locais e hor\u00e1rios podem ser\u00a0consultados <a href=\"https:\/\/abastecimento.jundiai.sp.gov.br\/programas-do-departamento-de-abastecimento\/feira-livre\/\">no site do Agroneg\u00f3cio e Abastecimento<\/a>.<\/p>\n\n\n\n<p><strong>Espa\u00e7o Jundia\u00ed Empreendedora<\/strong><br>O Espa\u00e7o Jundia\u00ed Empreendedora, onde tamb\u00e9m funcionam o Posto de Atendimento ao Trabalhador (PAT) e o Banco do Povo, permanece fechado na quarta (12) e reabre na quinta-feira (13), \u00e0s 8h.<\/p>\n\n\n\n<p>O Espa\u00e7o fica no Maxi Shopping, na avenida Ant\u00f4nio Frederico Ozanan, 6000 \u2013 Piso G3, ala Norte. Mais informa\u00e7\u00f5es pelo telefone (11) 4582-8585.<\/p>\n\n\n\n<p><strong>Procon<\/strong><br>O Procon Jundia\u00ed tamb\u00e9m permanece fechado nesta quarta (12) e reabre para atendimento nesta quinta-feira (13), das 8h \u00e0s 16h, com&nbsp;<a rel=\"noreferrer noopener\" href=\"https:\/\/procon.jundiai.sp.gov.br\/atendimento-presencial\/\" target=\"_blank\">agendamento pela internet<\/a>. O consumidor que preferir poder\u00e1 receber atendimento on-line preenchendo&nbsp;<a href=\"https:\/\/consumidor.gov.br\/pages\/principal\/?1665424070228\" target=\"_blank\" rel=\"noreferrer noopener\">formul\u00e1rio dispon\u00edvel no portal Cosumidor.org.br<\/a>.<\/p>\n\n\n\n<p><strong>Fundo Social<\/strong><br>No Fundo Social de Solidariedade (avenida Manoela Lacerda de Vergueiro, s\/n\u00ba, Anhangaba\u00fa) n\u00e3o haver\u00e1 expediente nesta quarta-feira (12). As atividades ser\u00e3o retomadas na quinta-feira (13), \u00e0s 8h.<\/p>\n\n\n\n<figure class=\"wp-block-image size-large\"><img loading=\"lazy\" decoding=\"async\" width=\"1200\" height=\"800\" src=\"https:\/\/tvtecjundiai.com.br\/news\/wp-content\/uploads\/sites\/2\/2022\/10\/varejao-noturno_eloy-chaves-47-1200x800.jpg\" alt=\"\" class=\"wp-image-99533\" srcset=\"https:\/\/tvtecjundiai.com.br\/news\/wp-content\/uploads\/sites\/2\/2022\/10\/varejao-noturno_eloy-chaves-47-1200x800.jpg 1200w, https:\/\/tvtecjundiai.com.br\/news\/wp-content\/uploads\/sites\/2\/2022\/10\/varejao-noturno_eloy-chaves-47-300x200.jpg 300w, https:\/\/tvtecjundiai.com.br\/news\/wp-content\/uploads\/sites\/2\/2022\/10\/varejao-noturno_eloy-chaves-47-768x512.jpg 768w, https:\/\/tvtecjundiai.com.br\/news\/wp-content\/uploads\/sites\/2\/2022\/10\/varejao-noturno_eloy-chaves-47.jpg 1280w\" sizes=\"auto, (max-width: 1200px) 100vw, 1200px\" \/><figcaption>Varej\u00f5es noturnos do Eloy Chaves e Novede Julho ser\u00e3o realizados normalmente no feriado<\/figcaption><\/figure>\n\n\n\n<p><strong>Assist\u00eancia e Desenvolvimento Social<\/strong><br>O Centro Pop, que fica na rua Marechal Deodoro da Fonseca, 504, Centro, para o atendimento \u00e0 popula\u00e7\u00e3o em situa\u00e7\u00e3o de rua, n\u00e3o funcionar\u00e1 nesta quarta (12), reabrindo na quinta-feira (13).<\/p>\n\n\n\n<p>Durante o per\u00edodo, as equipes do Servi\u00e7o Especial de Abordagem Social (SEAS) ficam dispon\u00edveis para acionamento e atendimentos a chamados, 24 horas por dia, pelo telefone (11) 98531-0146.&nbsp;<\/p>\n\n\n\n<p><strong>Fumas<\/strong><br>A&nbsp;<a href=\"https:\/\/fumas.jundiai.sp.gov.br\/\" target=\"_blank\" rel=\"noreferrer noopener\">Funda\u00e7\u00e3o Municipal de A\u00e7\u00e3o Social (Fumas)<\/a>&nbsp;tamb\u00e9m permanece fechada na quarta (12) e retoma o atendimento presencial na quinta-feira (13), \u00e0s 8h.<\/p>\n\n\n\n<p>Os cemit\u00e9rios municipais Nossa Senhora do Montenegro e Nossa Senhora do Desterro permanecem abertos normalmente, das 7h \u00e0s 17h, para sepultamentos, visitas e reformas de t\u00famulos. J\u00e1 o atendimento do vel\u00f3rio Adamastor Fernandes segue o funcionamento 24 horas, todos os dias da semana.<\/p>\n\n\n\n<p><strong>Iprejun<\/strong><br>O&nbsp;<a rel=\"noreferrer noopener\" href=\"https:\/\/iprejun.sp.gov.br\/N\/\" target=\"_blank\">Instituto de Previd\u00eancia do Munic\u00edpio de Jundia\u00ed (Iprejun)<\/a>, que fica na avenida Doroty Nano Martinasso, 100, Vila Bandeirantes, n\u00e3o ter\u00e1 expediente na quarta (12). As atividades ser\u00e3o retomadas na quinta-feira (13), \u00e0s 8h.<\/p>\n\n\n\n<figure class=\"wp-block-image size-large\"><img loading=\"lazy\" decoding=\"async\" width=\"1200\" height=\"800\" src=\"https:\/\/tvtecjundiai.com.br\/news\/wp-content\/uploads\/sites\/2\/2022\/10\/linhas-de-onibus-adicionais_566_cecap-11-1200x800.jpg\" alt=\"\" class=\"wp-image-99534\" srcset=\"https:\/\/tvtecjundiai.com.br\/news\/wp-content\/uploads\/sites\/2\/2022\/10\/linhas-de-onibus-adicionais_566_cecap-11-1200x800.jpg 1200w, https:\/\/tvtecjundiai.com.br\/news\/wp-content\/uploads\/sites\/2\/2022\/10\/linhas-de-onibus-adicionais_566_cecap-11-300x200.jpg 300w, https:\/\/tvtecjundiai.com.br\/news\/wp-content\/uploads\/sites\/2\/2022\/10\/linhas-de-onibus-adicionais_566_cecap-11-768x512.jpg 768w, https:\/\/tvtecjundiai.com.br\/news\/wp-content\/uploads\/sites\/2\/2022\/10\/linhas-de-onibus-adicionais_566_cecap-11.jpg 1280w\" sizes=\"auto, (max-width: 1200px) 100vw, 1200px\" \/><figcaption>Linhas seguem tabela hor\u00e1ria de domingo nesta quarta (12)<\/figcaption><\/figure>\n\n\n\n<p><strong><em>(Fonte\/Imagens: Prefeitura de Jundia\u00ed)<\/em><\/strong><\/p>\n","protected":false},"excerpt":{"rendered":"<p>Equipamentos e servi\u00e7os p\u00fablicos municipais poder\u00e3o ter seus hor\u00e1rios de funcionamento alterados<\/p>\n","protected":false},"author":30,"featured_media":99533,"comment_status":"closed","ping_status":"0","sticky":false,"template":"","format":"standard","meta":{"footnotes":""},"categories":[2834,8356,1],"tags":[],"class_list":["post-99528","post","type-post","status-publish","format-standard","has-post-thumbnail","hentry","category-cidades","category-jundiai","category-noticias"],"_links":{"self":[{"href":"https:\/\/tvtecjundiai.com.br\/news\/wp-json\/wp\/v2\/posts\/99528","targetHints":{"allow":["GET"]}}],"collection":[{"href":"https:\/\/tvtecjundiai.com.br\/news\/wp-json\/wp\/v2\/posts"}],"about":[{"href":"https:\/\/tvtecjundiai.com.br\/news\/wp-json\/wp\/v2\/types\/post"}],"author":[{"embeddable":true,"href":"https:\/\/tvtecjundiai.com.br\/news\/wp-json\/wp\/v2\/users\/30"}],"replies":[{"embeddable":true,"href":"https:\/\/tvtecjundiai.com.br\/news\/wp-json\/wp\/v2\/comments?post=99528"}],"version-history":[{"count":1,"href":"https:\/\/tvtecjundiai.com.br\/news\/wp-json\/wp\/v2\/posts\/99528\/revisions"}],"predecessor-version":[{"id":99537,"href":"https:\/\/tvtecjundiai.com.br\/news\/wp-json\/wp\/v2\/posts\/99528\/revisions\/99537"}],"wp:featuredmedia":[{"embeddable":true,"href":"https:\/\/tvtecjundiai.com.br\/news\/wp-json\/wp\/v2\/media\/99533"}],"wp:attachment":[{"href":"https:\/\/tvtecjundiai.com.br\/news\/wp-json\/wp\/v2\/media?parent=99528"}],"wp:term":[{"taxonomy":"category","embeddable":true,"href":"https:\/\/tvtecjundiai.com.br\/news\/wp-json\/wp\/v2\/categories?post=99528"},{"taxonomy":"post_tag","embeddable":true,"href":"https:\/\/tvtecjundiai.com.br\/news\/wp-json\/wp\/v2\/tags?post=99528"}],"curies":[{"name":"wp","href":"https:\/\/api.w.org\/{rel}","templated":true}]}}