{"id":99550,"date":"2022-10-11T15:10:32","date_gmt":"2022-10-11T18:10:32","guid":{"rendered":"https:\/\/tvtecjundiai.com.br\/news\/?p=99550"},"modified":"2022-10-11T15:10:37","modified_gmt":"2022-10-11T18:10:37","slug":"no-funss-workshop-em-parceria-com-o-espro-ensinara-a-fazer-pequenos-reparos-residenciais","status":"publish","type":"post","link":"https:\/\/tvtecjundiai.com.br\/news\/2022\/10\/11\/no-funss-workshop-em-parceria-com-o-espro-ensinara-a-fazer-pequenos-reparos-residenciais\/","title":{"rendered":"No Funss, workshop em parceria com o Espro ensinar\u00e1 a fazer pequenos reparos residenciais"},"content":{"rendered":"\n<p>Na quinta-feira (13), \u00e0s 9h, o Fundo Social de Solidariedade de Jundia\u00ed (Funss) abrir\u00e1 a pr\u00e9-inscri\u00e7\u00e3o para o workshop de Pequenos Reparos Residenciais. A capacita\u00e7\u00e3o ser\u00e1 realizada em um \u00fanico dia e \u00e9 fruto de uma parceria da Prefeitura de Jundia\u00ed com o Espro \u2013 Ensino Social Profissionalizante.<\/p>\n\n\n\n<p>Atendendo \u00e0 uma demanda da popula\u00e7\u00e3o, a pr\u00e9-inscri\u00e7\u00e3o \u00e9 totalmente digital e, agora, feita por meio de formul\u00e1rios Google. Para participar, basta que o interessado acesse o link informado abaixo, referente \u00e0 turma pretendida, e preencha o documento com seus dados pessoais. No entanto, o envio desta ficha \u00e9 considerado, apenas, como inten\u00e7\u00e3o de participa\u00e7\u00e3o e, por isso, n\u00e3o garante o preenchimento da vaga. O crit\u00e9rio que define a sele\u00e7\u00e3o e forma\u00e7\u00e3o das turmas \u00e9 a ordem de envio destas informa\u00e7\u00f5es, cujo sistema considera hora, minuto e segundo.&nbsp;Confira o cronograma:<\/p>\n\n\n\n<p><strong>Workshop de Pequenos Reparos Residenciais<\/strong><\/p>\n\n\n\n<p>Parceria com o Espro<\/p>\n\n\n\n<p>Idade m\u00ednima: 16 anos<\/p>\n\n\n\n<p>Vagas: 22<\/p>\n\n\n\n<p>Data: 25\/10\/22<\/p>\n\n\n\n<p>Aula de 3\u00aa feira<\/p>\n\n\n\n<p>Hor\u00e1rio: 8h \u00e0s 12h<\/p>\n\n\n\n<p>Local: Fundo Social de Solidariedade \u2013 Av. Dona Manoela Lacerda de Vergueiro, s\/n \u2013 Port\u00e3o 3 \u2013 Anexo ao Parque da Uva \u2013 Bairro Anhangaba\u00fa<\/p>\n\n\n\n<p>Link de inscri\u00e7\u00e3o:&nbsp;<a href=\"https:\/\/forms.gle\/HFjzvxBGWYhvjETa9\" target=\"_blank\" rel=\"noreferrer noopener\">https:\/\/forms.gle\/HFjzvxBGWYhvjETa9<\/a><\/p>\n\n\n\n<p><strong>Contemplados<\/strong><\/p>\n\n\n\n<p>Dados detalhados sobre a turma ser\u00e3o repassados por meio do contato de WhatsApp informado no ato da pr\u00e9-inscri\u00e7\u00e3o somente aos alunos que foram contemplados com a vaga. As fichas enviadas e n\u00e3o consideradas est\u00e3o, automaticamente, na lista de espera e poder\u00e3o ser convocadas em caso de desist\u00eancia.<\/p>\n\n\n\n<p>A aula do Workshop de Pequenos Reparos Residenciais ser\u00e1 realizada no Fundo Social. O endere\u00e7o \u00e9 o Parque da Uva e o acesso \u00e9 pela avenida Dona Manoela Lacerda de Vergueiro, s\/n, port\u00e3o 03, bairro Anhangaba\u00fa. O funcionamento da unidade \u00e9 de segunda a sexta-feira, das 8h \u00e0s 17h, exceto feriados. Informa\u00e7\u00f5es pelos telefones (11) 4589-6319, 4589-6320, 4589-6322.<\/p>\n\n\n\n<p><strong><em>(Fonte\/Imagem: Prefeitura de Jundia\u00ed)<\/em><\/strong><\/p>\n","protected":false},"excerpt":{"rendered":"<p>A capacita\u00e7\u00e3o ser\u00e1 realizada em um \u00fanico dia e \u00e9 fruto de uma parceria da Prefeitura de Jundia\u00ed com o Espro.<\/p>\n","protected":false},"author":27,"featured_media":99554,"comment_status":"closed","ping_status":"0","sticky":false,"template":"","format":"standard","meta":{"footnotes":""},"categories":[8356],"tags":[],"class_list":["post-99550","post","type-post","status-publish","format-standard","has-post-thumbnail","hentry","category-jundiai"],"_links":{"self":[{"href":"https:\/\/tvtecjundiai.com.br\/news\/wp-json\/wp\/v2\/posts\/99550","targetHints":{"allow":["GET"]}}],"collection":[{"href":"https:\/\/tvtecjundiai.com.br\/news\/wp-json\/wp\/v2\/posts"}],"about":[{"href":"https:\/\/tvtecjundiai.com.br\/news\/wp-json\/wp\/v2\/types\/post"}],"author":[{"embeddable":true,"href":"https:\/\/tvtecjundiai.com.br\/news\/wp-json\/wp\/v2\/users\/27"}],"replies":[{"embeddable":true,"href":"https:\/\/tvtecjundiai.com.br\/news\/wp-json\/wp\/v2\/comments?post=99550"}],"version-history":[{"count":1,"href":"https:\/\/tvtecjundiai.com.br\/news\/wp-json\/wp\/v2\/posts\/99550\/revisions"}],"predecessor-version":[{"id":99555,"href":"https:\/\/tvtecjundiai.com.br\/news\/wp-json\/wp\/v2\/posts\/99550\/revisions\/99555"}],"wp:featuredmedia":[{"embeddable":true,"href":"https:\/\/tvtecjundiai.com.br\/news\/wp-json\/wp\/v2\/media\/99554"}],"wp:attachment":[{"href":"https:\/\/tvtecjundiai.com.br\/news\/wp-json\/wp\/v2\/media?parent=99550"}],"wp:term":[{"taxonomy":"category","embeddable":true,"href":"https:\/\/tvtecjundiai.com.br\/news\/wp-json\/wp\/v2\/categories?post=99550"},{"taxonomy":"post_tag","embeddable":true,"href":"https:\/\/tvtecjundiai.com.br\/news\/wp-json\/wp\/v2\/tags?post=99550"}],"curies":[{"name":"wp","href":"https:\/\/api.w.org\/{rel}","templated":true}]}}