{"id":99596,"date":"2022-10-13T09:48:44","date_gmt":"2022-10-13T12:48:44","guid":{"rendered":"https:\/\/tvtecjundiai.com.br\/news\/?p=99596"},"modified":"2022-10-13T09:48:51","modified_gmt":"2022-10-13T12:48:51","slug":"prefeitura-inicia-reforma-do-telhado-do-estacionamento-do-espaco-expressa","status":"publish","type":"post","link":"https:\/\/tvtecjundiai.com.br\/news\/2022\/10\/13\/prefeitura-inicia-reforma-do-telhado-do-estacionamento-do-espaco-expressa\/","title":{"rendered":"Prefeitura inicia reforma do telhado do estacionamento do Espa\u00e7o Expressa"},"content":{"rendered":"\n<p>A Prefeitura iniciou esta semana a reforma do telhado do galp\u00e3o de estacionamento do Espa\u00e7o Expressa (antigo Complexo Fepasa). Com investimento de R$ 2,8 milh\u00f5es, as obras consistem na revitaliza\u00e7\u00e3o da cobertura e substitui\u00e7\u00e3o das telhas de fibrocimento por material de zinco no galp\u00e3o 16, espa\u00e7o com 7,5 mil metros quadrados de extens\u00e3o.<\/p>\n\n\n\n<p>O gestor de Cultura, Marcelo Peroni, explica que as obras integram as melhorias da Prefeitura para o local. \u201c<a href=\"https:\/\/jundiai.sp.gov.br\/noticias\/2022\/09\/09\/expressa-jundiai-ganha-novo-museu-ferroviario-e-anuncia-investimentos-na-revitalizacao-do-complexo-fepasa\/\">Conforme anunciado pelo prefeito Luiz Fernando Machado no in\u00edcio do m\u00eas passado<\/a>, estas obras comp\u00f5em o maior pacote de investimentos da Prefeitura na revitaliza\u00e7\u00e3o do Espa\u00e7o Expressa desde a sua aquisi\u00e7\u00e3o. Trata-se de interven\u00e7\u00f5es voltadas ao melhor uso por parte de seus frequentadores e \u00e0 preserva\u00e7\u00e3o deste importante patrim\u00f4nio municipal, que agora tem a sua voca\u00e7\u00e3o voltada ao uso para pr\u00e1ticas culturais\u201d.<\/p>\n\n\n\n<figure class=\"wp-block-image\"><img decoding=\"async\" src=\"https:\/\/jundiai.sp.gov.br\/noticias\/wp-content\/uploads\/sites\/32\/2022\/10\/espaco-expressa-obras-da-reforma-do-telhado-do-galpao-do-estacionamento_fm_-9.jpg\" alt=\"\" class=\"wp-image-303365\" \/><figcaption>Para a realiza\u00e7\u00e3o das obras, estacionamento contar\u00e1 com transfer\u00eancia e redu\u00e7\u00e3o de vagas nas pr\u00f3ximas semanas<\/figcaption><\/figure>\n\n\n\n<p>A obra \u00e9 acompanhada pelo&nbsp;<a href=\"https:\/\/jundiai.sp.gov.br\/noticias\/tag\/comite-expressa\/\">Comit\u00ea de Gest\u00e3o do Espa\u00e7o Expressa<\/a>, do qual fazem parte representantes de todos os \u00f3rg\u00e3os presentes no espa\u00e7o. O diretor do Departamento de Gest\u00e3o do Espa\u00e7o Expressa da UGC, William Paix\u00e3o, e presidente do Comit\u00ea, refor\u00e7a a import\u00e2ncia da compreens\u00e3o de seus frequentadores durante este per\u00edodo.<\/p>\n\n\n\n<p>\u201cTransferir a \u00e1rea de estacionamento da terra para este galp\u00e3o coberto e pavimentado foi um avan\u00e7o. Agora, por conta da seguran\u00e7a dos usu\u00e1rios que frequentam o local e dos trabalhadores da obra, o estacionamento poder\u00e1 contar com redu\u00e7\u00e3o de vagas nas pr\u00f3ximas semanas. Por isso, temos feito com os integrantes do Comit\u00ea um trabalho de convencimento pela redu\u00e7\u00e3o do n\u00famero de ve\u00edculos entre os servidores e alunos que frequentam o local. S\u00e3o transtornos necess\u00e1rios e, por isso, contamos com a compreens\u00e3o e colabora\u00e7\u00e3o de todos\u201d, comentou William.<\/p>\n\n\n\n<p>Durante as obras, o estacionamento ser\u00e1 transferido para \u00e1reas externas do Espa\u00e7o Expressa, com redu\u00e7\u00e3o de vagas, at\u00e9 que se inicie a coloca\u00e7\u00e3o da nova cobertura.<\/p>\n\n\n\n<p><strong><em>(Fonte\/Imagem: Prefeitura de Jundia\u00ed)<\/em><\/strong><\/p>\n","protected":false},"excerpt":{"rendered":"<p>Para a realiza\u00e7\u00e3o das obras, estacionamento contar\u00e1 com transfer\u00eancia e redu\u00e7\u00e3o de vagas nas pr\u00f3ximas semanas<\/p>\n","protected":false},"author":27,"featured_media":99599,"comment_status":"closed","ping_status":"0","sticky":false,"template":"","format":"standard","meta":{"footnotes":""},"categories":[8356],"tags":[],"class_list":["post-99596","post","type-post","status-publish","format-standard","has-post-thumbnail","hentry","category-jundiai"],"_links":{"self":[{"href":"https:\/\/tvtecjundiai.com.br\/news\/wp-json\/wp\/v2\/posts\/99596","targetHints":{"allow":["GET"]}}],"collection":[{"href":"https:\/\/tvtecjundiai.com.br\/news\/wp-json\/wp\/v2\/posts"}],"about":[{"href":"https:\/\/tvtecjundiai.com.br\/news\/wp-json\/wp\/v2\/types\/post"}],"author":[{"embeddable":true,"href":"https:\/\/tvtecjundiai.com.br\/news\/wp-json\/wp\/v2\/users\/27"}],"replies":[{"embeddable":true,"href":"https:\/\/tvtecjundiai.com.br\/news\/wp-json\/wp\/v2\/comments?post=99596"}],"version-history":[{"count":1,"href":"https:\/\/tvtecjundiai.com.br\/news\/wp-json\/wp\/v2\/posts\/99596\/revisions"}],"predecessor-version":[{"id":99600,"href":"https:\/\/tvtecjundiai.com.br\/news\/wp-json\/wp\/v2\/posts\/99596\/revisions\/99600"}],"wp:featuredmedia":[{"embeddable":true,"href":"https:\/\/tvtecjundiai.com.br\/news\/wp-json\/wp\/v2\/media\/99599"}],"wp:attachment":[{"href":"https:\/\/tvtecjundiai.com.br\/news\/wp-json\/wp\/v2\/media?parent=99596"}],"wp:term":[{"taxonomy":"category","embeddable":true,"href":"https:\/\/tvtecjundiai.com.br\/news\/wp-json\/wp\/v2\/categories?post=99596"},{"taxonomy":"post_tag","embeddable":true,"href":"https:\/\/tvtecjundiai.com.br\/news\/wp-json\/wp\/v2\/tags?post=99596"}],"curies":[{"name":"wp","href":"https:\/\/api.w.org\/{rel}","templated":true}]}}