{"id":9963,"date":"2018-05-08T10:55:07","date_gmt":"2018-05-08T13:55:07","guid":{"rendered":"https:\/\/tvtecjundiai.com.br\/news\/?p=9963"},"modified":"2018-05-08T10:55:32","modified_gmt":"2018-05-08T13:55:32","slug":"fatec-abre-inscricoes-para-vestibular-de-meio-de-ano-nesta-terca-feira-8","status":"publish","type":"post","link":"https:\/\/tvtecjundiai.com.br\/news\/2018\/05\/08\/fatec-abre-inscricoes-para-vestibular-de-meio-de-ano-nesta-terca-feira-8\/","title":{"rendered":"Fatec abre inscri\u00e7\u00f5es para vestibular de meio de ano nesta ter\u00e7a-feira (8)"},"content":{"rendered":"<div class=\"mc-column content-text active-extra-styles active-capital-letter\" data-block-type=\"unstyled\" data-block-weight=\"63\" data-block-id=\"2\">\n<div id=\"attachment_9964\" style=\"width: 460px\" class=\"wp-caption alignright\"><a href=\"https:\/\/tvtecjundiai.com.br\/news\/wp-content\/uploads\/sites\/2\/2018\/05\/fatec-p2.jpg\"><img loading=\"lazy\" decoding=\"async\" aria-describedby=\"caption-attachment-9964\" class=\"wp-image-9964\" src=\"https:\/\/tvtecjundiai.com.br\/news\/wp-content\/uploads\/sites\/2\/2018\/05\/fatec-p2-300x188.jpg\" alt=\"\" width=\"450\" height=\"282\" srcset=\"https:\/\/tvtecjundiai.com.br\/news\/wp-content\/uploads\/sites\/2\/2018\/05\/fatec-p2-300x188.jpg 300w, https:\/\/tvtecjundiai.com.br\/news\/wp-content\/uploads\/sites\/2\/2018\/05\/fatec-p2.jpg 620w\" sizes=\"auto, (max-width: 450px) 100vw, 450px\" \/><\/a><p id=\"caption-attachment-9964\" class=\"wp-caption-text\">A prova ser\u00e1 no domingo, 1\u00ba de julho, \u00e0s 13h<\/p><\/div>\n<p class=\"content-text__container theme-color-primary-first-letter\" data-track-category=\"Link no Texto\" data-track-links=\"\">O per\u00edodo de inscri\u00e7\u00e3o para o processo seletivo das Faculdades de Tecnologia (Fatecs) do Estado de S\u00e3o Paulo come\u00e7a nesta ter\u00e7a-feira (8) e vai at\u00e9 8 de junho. A prova ser\u00e1 no domingo, 1\u00ba de julho. S\u00e3o oferecidas 14.605 vagas, distribu\u00eddas entre os 74 cursos superiores de tecnologia gratuitos. A taxa de inscri\u00e7\u00e3o custa R$ 64,80. As inscri\u00e7\u00f5es podem ser feitas no site\u00a0<a href=\"http:\/\/www.vestibularfatec.com.br\/\" target=\"_blank\" rel=\"noopener\">www.vestibularfatec.com.br.<\/a><\/p>\n<\/div>\n<div class=\"mc-column content-text active-extra-styles\" data-block-type=\"raw\" data-block-weight=\"3\" data-block-id=\"3\">\n<div class=\"content-intertitle\">\n<p><strong>Veja o calend\u00e1rio:<\/strong><\/p>\n<\/div>\n<\/div>\n<div data-track-category=\"fim do conteudo\" data-track-action=\"ultimo chunk conteudo\" data-track-noninteraction=\"false\" data-track-scroll=\"entrada completa viewport\">\n<div class=\"mc-column content-text active-extra-styles\" data-block-type=\"raw\" data-block-weight=\"119\" data-block-id=\"4\">\n<ul class=\"content-unordered-list\">\n<li>A partir de 8 de maio &#8211; Divulga\u00e7\u00e3o no site do resultado da solicita\u00e7\u00e3o de isen\u00e7\u00e3o\/redu\u00e7\u00e3o da taxa de inscri\u00e7\u00e3o<\/li>\n<li>De 8 de maio a 8 de junho &#8211; Inscri\u00e7\u00f5es do Processo Seletivo<\/li>\n<li>26 de junho &#8211; Divulga\u00e7\u00e3o dos locais de Exame<\/li>\n<li>1\u00ba de julho, \u00e0s 13h &#8211; Exame \u2013 dura\u00e7\u00e3o da prova: 5 horas<\/li>\n<li>1\u00ba de julho, a partir das 18h30min &#8211; Divulga\u00e7\u00e3o do gabarito oficial<\/li>\n<li>20 de julho &#8211; Divulga\u00e7\u00e3o da lista de classifica\u00e7\u00e3o geral, da 1\u00aa lista de convoca\u00e7\u00e3o e do desempenho dos candidatos<\/li>\n<li>23 e 24 de julho &#8211; Matr\u00edcula da 1\u00aa lista de convoca\u00e7\u00e3o<\/li>\n<li>25 de julho &#8211; Divulga\u00e7\u00e3o da 2\u00aa lista de convoca\u00e7\u00e3o<\/li>\n<li>26 de julho &#8211; Matr\u00edcula da 2\u00aa lista de convoca\u00e7\u00e3o<\/li>\n<\/ul>\n<p><em>Fonte: Portal G1<\/em><\/p>\n<\/div>\n<\/div>\n","protected":false},"excerpt":{"rendered":"<p>Inscri\u00e7\u00f5es seguem at\u00e9 8 de junho<\/p>\n","protected":false},"author":10,"featured_media":9964,"comment_status":"closed","ping_status":"closed","sticky":false,"template":"","format":"standard","meta":{"footnotes":""},"categories":[2828],"tags":[1253,5,15,1786],"class_list":["post-9963","post","type-post","status-publish","format-standard","has-post-thumbnail","hentry","category-educacao","tag-fatec","tag-jundiai","tag-tvtec","tag-vestibular"],"_links":{"self":[{"href":"https:\/\/tvtecjundiai.com.br\/news\/wp-json\/wp\/v2\/posts\/9963","targetHints":{"allow":["GET"]}}],"collection":[{"href":"https:\/\/tvtecjundiai.com.br\/news\/wp-json\/wp\/v2\/posts"}],"about":[{"href":"https:\/\/tvtecjundiai.com.br\/news\/wp-json\/wp\/v2\/types\/post"}],"author":[{"embeddable":true,"href":"https:\/\/tvtecjundiai.com.br\/news\/wp-json\/wp\/v2\/users\/10"}],"replies":[{"embeddable":true,"href":"https:\/\/tvtecjundiai.com.br\/news\/wp-json\/wp\/v2\/comments?post=9963"}],"version-history":[{"count":2,"href":"https:\/\/tvtecjundiai.com.br\/news\/wp-json\/wp\/v2\/posts\/9963\/revisions"}],"predecessor-version":[{"id":9966,"href":"https:\/\/tvtecjundiai.com.br\/news\/wp-json\/wp\/v2\/posts\/9963\/revisions\/9966"}],"wp:featuredmedia":[{"embeddable":true,"href":"https:\/\/tvtecjundiai.com.br\/news\/wp-json\/wp\/v2\/media\/9964"}],"wp:attachment":[{"href":"https:\/\/tvtecjundiai.com.br\/news\/wp-json\/wp\/v2\/media?parent=9963"}],"wp:term":[{"taxonomy":"category","embeddable":true,"href":"https:\/\/tvtecjundiai.com.br\/news\/wp-json\/wp\/v2\/categories?post=9963"},{"taxonomy":"post_tag","embeddable":true,"href":"https:\/\/tvtecjundiai.com.br\/news\/wp-json\/wp\/v2\/tags?post=9963"}],"curies":[{"name":"wp","href":"https:\/\/api.w.org\/{rel}","templated":true}]}}