{"id":9968,"date":"2018-05-08T11:43:00","date_gmt":"2018-05-08T14:43:00","guid":{"rendered":"https:\/\/tvtecjundiai.com.br\/news\/?p=9968"},"modified":"2018-05-08T12:23:17","modified_gmt":"2018-05-08T15:23:17","slug":"mc-de-6-anos-viraliza-defendendo-seus-cabelos-crespos-1","status":"publish","type":"post","link":"https:\/\/tvtecjundiai.com.br\/news\/2018\/05\/08\/mc-de-6-anos-viraliza-defendendo-seus-cabelos-crespos-1\/","title":{"rendered":"MC de 6 anos viraliza defendendo seus cabelos crespos"},"content":{"rendered":"<div id=\"attachment_9969\" style=\"width: 260px\" class=\"wp-caption alignright\"><a href=\"https:\/\/tvtecjundiai.com.br\/news\/wp-content\/uploads\/sites\/2\/2018\/05\/mc-elis-de-seis-anos-fez-sucesso-com-clipe-falando-de-seus-cabelos-1525707890183_v2_450x600.jpg\"><img loading=\"lazy\" decoding=\"async\" aria-describedby=\"caption-attachment-9969\" class=\"wp-image-9969\" src=\"https:\/\/tvtecjundiai.com.br\/news\/wp-content\/uploads\/sites\/2\/2018\/05\/mc-elis-de-seis-anos-fez-sucesso-com-clipe-falando-de-seus-cabelos-1525707890183_v2_450x600-300x400.jpg\" alt=\"\" width=\"250\" height=\"333\" srcset=\"https:\/\/tvtecjundiai.com.br\/news\/wp-content\/uploads\/sites\/2\/2018\/05\/mc-elis-de-seis-anos-fez-sucesso-com-clipe-falando-de-seus-cabelos-1525707890183_v2_450x600-300x400.jpg 300w, https:\/\/tvtecjundiai.com.br\/news\/wp-content\/uploads\/sites\/2\/2018\/05\/mc-elis-de-seis-anos-fez-sucesso-com-clipe-falando-de-seus-cabelos-1525707890183_v2_450x600.jpg 450w\" sizes=\"auto, (max-width: 250px) 100vw, 250px\" \/><\/a><p id=\"caption-attachment-9969\" class=\"wp-caption-text\">Nas letras do funk, a fala \u00e9 direta: \u201cEu j\u00e1 t\u00f4 cansada dessa ideia de racismo \/ Eu n\u00e3o t\u00f4 de mimimi, fale o que quiser, nem ligo\u201d (<em>Foto:\u00a0Reprodu\u00e7\u00e3o\/Instagram)<\/em><\/p><\/div>\n<p>MC Elis j\u00e1 vem cativando diversas pessoas com o lan\u00e7amento de seu primeiro clipe. A garota de apenas 6 anos que j\u00e1 havia conquistado alguma fama na web por seus v\u00eddeos de dancinhas, agora se lan\u00e7ou como cantora. O tema ainda \u00e9 o mesmo: defender a cor de sua pele e seus cabelos crespos. No clipe \u201cVem Dan\u00e7ar com a Elis\u201d, ela mostra seus passos de dan\u00e7a e ainda manda um papo s\u00e9rio nas letras.<\/p>\n<p>Ela e a m\u00e3e, Renata Morais, contaram que tudo come\u00e7ou com um v\u00eddeo em que Elis mostrava seus cabelos e dizia que n\u00e3o se tratava de uma peruca: \u201cmeu cabelo j\u00e1 nasceu assim\u201d. Renata diz que a filha, por ter a pele um pouco mais clara, n\u00e3o era vista por todos como negra e algumas pessoas estranhavam seu cabelo, muitas vezes chamando pejorativamente de \u201cduro\u201d. A ideia foi influenciar a filha a perceber sua beleza.<\/p>\n<p>\u201cEu comecei a entender que a vida da Elis ia ser diferente se a auto estima dela fosse trabalhada desde cedo e foi isso que a gente fez\u201d, diz a m\u00e3e. \u201cMeu cabelo \u00e9 lindo, d\u00e1 pra fazer muita coisa nele\u201d, diz Elis, enumerando os penteados que pode fazer. Nas letras do funk, a fala \u00e9 direta: \u201c<em>Eu j\u00e1 t\u00f4 cansada dessa ideia de racismo \/ Eu n\u00e3o t\u00f4 de mimimi, fale o que quiser, nem ligo<\/em>\u201d.<\/p>\n<p>Para Renata, o objetivo de educar Elis acabou sendo complementado pelo retorno que elas t\u00eam de outras crian\u00e7as. \u201cQuando recebo o feedback de uma crian\u00e7a que fala, \u2018adorei seu clipe, estou muito feliz, porque ningu\u00e9m mais vai falar que eu sou macaca\u2019, eu fico muito emocionada\u201d, diz a m\u00e3e.<\/p>\n<p><iframe loading=\"lazy\" title=\"Elis Mc - Vem dan\u00e7ar com a Elis (Clipe Oficial)\" width=\"500\" height=\"281\" src=\"https:\/\/www.youtube.com\/embed\/4h4vXtBesi8?feature=oembed\" frameborder=\"0\" allow=\"accelerometer; autoplay; clipboard-write; encrypted-media; gyroscope; picture-in-picture; web-share\" referrerpolicy=\"strict-origin-when-cross-origin\" allowfullscreen><\/iframe><\/p>\n<p><em>Fonte: Uol<\/em><\/p>\n","protected":false},"excerpt":{"rendered":"<p>Em sua m\u00fasica, Elis tamb\u00e9m defende a cor de sua pele<\/p>\n","protected":false},"author":10,"featured_media":9978,"comment_status":"closed","ping_status":"closed","sticky":false,"template":"","format":"standard","meta":{"footnotes":""},"categories":[1,2824],"tags":[84,5,3124,1034,3125,15],"class_list":["post-9968","post","type-post","status-publish","format-standard","has-post-thumbnail","hentry","category-noticias","category-variedades","tag-cultura","tag-jundiai","tag-mc-elis","tag-musica","tag-rap","tag-tvtec"],"_links":{"self":[{"href":"https:\/\/tvtecjundiai.com.br\/news\/wp-json\/wp\/v2\/posts\/9968","targetHints":{"allow":["GET"]}}],"collection":[{"href":"https:\/\/tvtecjundiai.com.br\/news\/wp-json\/wp\/v2\/posts"}],"about":[{"href":"https:\/\/tvtecjundiai.com.br\/news\/wp-json\/wp\/v2\/types\/post"}],"author":[{"embeddable":true,"href":"https:\/\/tvtecjundiai.com.br\/news\/wp-json\/wp\/v2\/users\/10"}],"replies":[{"embeddable":true,"href":"https:\/\/tvtecjundiai.com.br\/news\/wp-json\/wp\/v2\/comments?post=9968"}],"version-history":[{"count":6,"href":"https:\/\/tvtecjundiai.com.br\/news\/wp-json\/wp\/v2\/posts\/9968\/revisions"}],"predecessor-version":[{"id":9977,"href":"https:\/\/tvtecjundiai.com.br\/news\/wp-json\/wp\/v2\/posts\/9968\/revisions\/9977"}],"wp:featuredmedia":[{"embeddable":true,"href":"https:\/\/tvtecjundiai.com.br\/news\/wp-json\/wp\/v2\/media\/9978"}],"wp:attachment":[{"href":"https:\/\/tvtecjundiai.com.br\/news\/wp-json\/wp\/v2\/media?parent=9968"}],"wp:term":[{"taxonomy":"category","embeddable":true,"href":"https:\/\/tvtecjundiai.com.br\/news\/wp-json\/wp\/v2\/categories?post=9968"},{"taxonomy":"post_tag","embeddable":true,"href":"https:\/\/tvtecjundiai.com.br\/news\/wp-json\/wp\/v2\/tags?post=9968"}],"curies":[{"name":"wp","href":"https:\/\/api.w.org\/{rel}","templated":true}]}}