{"id":99745,"date":"2022-10-16T12:08:44","date_gmt":"2022-10-16T15:08:44","guid":{"rendered":"https:\/\/tvtecjundiai.com.br\/news\/?p=99745"},"modified":"2022-10-17T10:50:39","modified_gmt":"2022-10-17T13:50:39","slug":"cultura-abre-inscricoes-para-nova-turma-de-oficina-de-sling-para-bebes-na-fabrica-das-infancias-japy","status":"publish","type":"post","link":"https:\/\/tvtecjundiai.com.br\/news\/2022\/10\/16\/cultura-abre-inscricoes-para-nova-turma-de-oficina-de-sling-para-bebes-na-fabrica-das-infancias-japy\/","title":{"rendered":"Cultura abre inscri\u00e7\u00f5es para nova turma de oficina de \u2018sling\u2019 para beb\u00eas na F\u00e1brica das Inf\u00e2ncias Japy"},"content":{"rendered":"\n<p>A Unidade de Gest\u00e3o de Cultura (UGC) abriu inscri\u00e7\u00f5es gratuitas para uma nova turma da oficina de sling para beb\u00ea \u201cO Carregar \u2013 um pano e muito acolhimento\u201d. Mediada por \u00c9rica Bigheto, a oficina tem por objetivo desde a produ\u00e7\u00e3o do pr\u00f3prio instrumento de carregar at\u00e9 o aperfei\u00e7oamento de t\u00e9cnicas e de posi\u00e7\u00f5es para carregar o beb\u00ea ou at\u00e9 mesmo amament\u00e1-lo.<\/p>\n\n\n\n<p><a href=\"https:\/\/docs.google.com\/forms\/d\/e\/1FAIpQLSeiKf7S-t1IicX0Nk6WMLIqyy6y1WP1x8VkS9cyu6L_Wr6KMw\/viewform\" target=\"_blank\" rel=\"noreferrer noopener\">Est\u00e3o dispon\u00edveis dez vagas gratuitas para inscri\u00e7\u00e3o por meio de formul\u00e1rio on-line<\/a>. A oficina \u00e9 voltada para familiares ou cuidadores de beb\u00eas, desde rec\u00e9m-nascidos at\u00e9 os seis meses de idade, que dever\u00e3o estar presentes no encontro.<\/p>\n\n\n\n<p>Os quatro encontros presenciais ser\u00e3o realizados \u00e0s quintas-feiras, entre os dias 27 de outubro e 17 de novembro, das 10h \u00e0s 11h30. Todo o material necess\u00e1rio para a oficina ser\u00e1 fornecido gratuitamente.<\/p>\n\n\n\n<p>A F\u00e1brica das Inf\u00e2ncias Japy fica na rua Lacerda Franco, 175 \u2013 Vila Arens. Mais informa\u00e7\u00f5es pelo telefone 4521-0971.<\/p>\n\n\n\n<figure class=\"wp-block-image\"><img decoding=\"async\" src=\"https:\/\/jundiai.sp.gov.br\/noticias\/wp-content\/uploads\/sites\/32\/2022\/10\/sling-para-bebes_fabrica-das-infancias-japy-146.jpg\" alt=\"\" class=\"wp-image-303569\" \/><figcaption>Uma outra turma participou da oficina com \u00c9rica Bigheto nos meses de agosto e setembro<\/figcaption><\/figure>\n\n\n\n<p><strong><em>(Fonte\/Imagem: Prefeitura de Jundia\u00ed)<\/em><\/strong><\/p>\n","protected":false},"excerpt":{"rendered":"<p>Quatro encontros presenciais ser\u00e3o realizados \u00e0s quintas-feiras, entre os dias 27 de outubro e 17 de novembro<\/p>\n","protected":false},"author":31,"featured_media":99746,"comment_status":"closed","ping_status":"0","sticky":false,"template":"","format":"standard","meta":{"footnotes":""},"categories":[1],"tags":[],"class_list":["post-99745","post","type-post","status-publish","format-standard","has-post-thumbnail","hentry","category-noticias"],"_links":{"self":[{"href":"https:\/\/tvtecjundiai.com.br\/news\/wp-json\/wp\/v2\/posts\/99745","targetHints":{"allow":["GET"]}}],"collection":[{"href":"https:\/\/tvtecjundiai.com.br\/news\/wp-json\/wp\/v2\/posts"}],"about":[{"href":"https:\/\/tvtecjundiai.com.br\/news\/wp-json\/wp\/v2\/types\/post"}],"author":[{"embeddable":true,"href":"https:\/\/tvtecjundiai.com.br\/news\/wp-json\/wp\/v2\/users\/31"}],"replies":[{"embeddable":true,"href":"https:\/\/tvtecjundiai.com.br\/news\/wp-json\/wp\/v2\/comments?post=99745"}],"version-history":[{"count":2,"href":"https:\/\/tvtecjundiai.com.br\/news\/wp-json\/wp\/v2\/posts\/99745\/revisions"}],"predecessor-version":[{"id":99754,"href":"https:\/\/tvtecjundiai.com.br\/news\/wp-json\/wp\/v2\/posts\/99745\/revisions\/99754"}],"wp:featuredmedia":[{"embeddable":true,"href":"https:\/\/tvtecjundiai.com.br\/news\/wp-json\/wp\/v2\/media\/99746"}],"wp:attachment":[{"href":"https:\/\/tvtecjundiai.com.br\/news\/wp-json\/wp\/v2\/media?parent=99745"}],"wp:term":[{"taxonomy":"category","embeddable":true,"href":"https:\/\/tvtecjundiai.com.br\/news\/wp-json\/wp\/v2\/categories?post=99745"},{"taxonomy":"post_tag","embeddable":true,"href":"https:\/\/tvtecjundiai.com.br\/news\/wp-json\/wp\/v2\/tags?post=99745"}],"curies":[{"name":"wp","href":"https:\/\/api.w.org\/{rel}","templated":true}]}}