{"id":99755,"date":"2022-10-17T11:41:40","date_gmt":"2022-10-17T14:41:40","guid":{"rendered":"https:\/\/tvtecjundiai.com.br\/news\/?p=99755"},"modified":"2022-10-17T11:41:41","modified_gmt":"2022-10-17T14:41:41","slug":"ambev-esta-com-vagas-de-emprego-abertas-em-jundiai","status":"publish","type":"post","link":"https:\/\/tvtecjundiai.com.br\/news\/2022\/10\/17\/ambev-esta-com-vagas-de-emprego-abertas-em-jundiai\/","title":{"rendered":"Ambev est\u00e1 com vagas de emprego abertas em Jundia\u00ed"},"content":{"rendered":"\n<p>A multinacional Ambev, que nasceu em 1999 da uni\u00e3o entre as centen\u00e1rias Cervejaria Brahma e Companhia Antarctica, est\u00e1 com vagas de emprego abertas em Jundia\u00ed. As oportunidades variam entre cargos de aprendiz, estagi\u00e1rio e efetivos.<\/p>\n\n\n\n<p>Os interessados podem se inscrever pelo site <a href=\"https:\/\/ambev.gupy.io\/\">https:\/\/ambev.gupy.io\/<\/a>, basta selecionar &#8220;Jundia\u00ed&#8221; no campo &#8220;Locais de trabalho&#8221;.<\/p>\n\n\n<div class=\"wp-block-image\">\n<figure class=\"aligncenter size-full is-resized\"><img loading=\"lazy\" decoding=\"async\" src=\"https:\/\/tvtecjundiai.com.br\/news\/wp-content\/uploads\/sites\/2\/2022\/10\/emprego-ambev.jpg\" alt=\"\" class=\"wp-image-99759\" width=\"651\" height=\"364\" srcset=\"https:\/\/tvtecjundiai.com.br\/news\/wp-content\/uploads\/sites\/2\/2022\/10\/emprego-ambev.jpg 992w, https:\/\/tvtecjundiai.com.br\/news\/wp-content\/uploads\/sites\/2\/2022\/10\/emprego-ambev-300x168.jpg 300w, https:\/\/tvtecjundiai.com.br\/news\/wp-content\/uploads\/sites\/2\/2022\/10\/emprego-ambev-768x430.jpg 768w\" sizes=\"auto, (max-width: 651px) 100vw, 651px\" \/><\/figure>\n<\/div>\n\n\n<p><strong>Vagas dispon\u00edveis &#8211; Ambev Jundia\u00ed<\/strong><\/p>\n\n\n\n<ul class=\"wp-block-list\"><li>Aprendiz Packaging <\/li><li>Aprendiz Processo<\/li><li>Conferente<\/li><li>Estagi\u00e1rio(a) T\u00e9cnico(a) Engenharia <\/li><li>Promotor(a) <\/li><li>Representante de Neg\u00f3cio I (CNH A\/B)<\/li><li>Representante de Neg\u00f3cios <\/li><li>T\u00e9cnico(a) de El\u00e9trica <\/li><li>T\u00e9cnico(a) Eletromec\u00e2nico (a) <\/li><li>T\u00e9cnico(a) Mec\u00e2nico(a)<\/li><\/ul>\n\n\n\n<p><strong><em>(Fonte: TVTEC Jundia\u00ed\/Imagem: Divulga\u00e7\u00e3o)<\/em><\/strong><\/p>\n","protected":false},"excerpt":{"rendered":"<p>As oportunidades variam entre cargos de aprendiz, estagi\u00e1rio e efetivos<\/p>\n","protected":false},"author":30,"featured_media":99759,"comment_status":"closed","ping_status":"0","sticky":false,"template":"","format":"standard","meta":{"footnotes":""},"categories":[5038,8363,8356,1],"tags":[],"class_list":["post-99755","post","type-post","status-publish","format-standard","has-post-thumbnail","hentry","category-emprego","category-emprego-2","category-jundiai","category-noticias"],"_links":{"self":[{"href":"https:\/\/tvtecjundiai.com.br\/news\/wp-json\/wp\/v2\/posts\/99755","targetHints":{"allow":["GET"]}}],"collection":[{"href":"https:\/\/tvtecjundiai.com.br\/news\/wp-json\/wp\/v2\/posts"}],"about":[{"href":"https:\/\/tvtecjundiai.com.br\/news\/wp-json\/wp\/v2\/types\/post"}],"author":[{"embeddable":true,"href":"https:\/\/tvtecjundiai.com.br\/news\/wp-json\/wp\/v2\/users\/30"}],"replies":[{"embeddable":true,"href":"https:\/\/tvtecjundiai.com.br\/news\/wp-json\/wp\/v2\/comments?post=99755"}],"version-history":[{"count":1,"href":"https:\/\/tvtecjundiai.com.br\/news\/wp-json\/wp\/v2\/posts\/99755\/revisions"}],"predecessor-version":[{"id":99760,"href":"https:\/\/tvtecjundiai.com.br\/news\/wp-json\/wp\/v2\/posts\/99755\/revisions\/99760"}],"wp:featuredmedia":[{"embeddable":true,"href":"https:\/\/tvtecjundiai.com.br\/news\/wp-json\/wp\/v2\/media\/99759"}],"wp:attachment":[{"href":"https:\/\/tvtecjundiai.com.br\/news\/wp-json\/wp\/v2\/media?parent=99755"}],"wp:term":[{"taxonomy":"category","embeddable":true,"href":"https:\/\/tvtecjundiai.com.br\/news\/wp-json\/wp\/v2\/categories?post=99755"},{"taxonomy":"post_tag","embeddable":true,"href":"https:\/\/tvtecjundiai.com.br\/news\/wp-json\/wp\/v2\/tags?post=99755"}],"curies":[{"name":"wp","href":"https:\/\/api.w.org\/{rel}","templated":true}]}}