{"id":99798,"date":"2022-10-18T14:13:43","date_gmt":"2022-10-18T17:13:43","guid":{"rendered":"https:\/\/tvtecjundiai.com.br\/news\/?p=99798"},"modified":"2022-10-18T14:13:44","modified_gmt":"2022-10-18T17:13:44","slug":"podtrampo-outubro-rosa-destaca-importancia-de-iniciativas-para-o-combate-ao-cancer-de-mama","status":"publish","type":"post","link":"https:\/\/tvtecjundiai.com.br\/news\/2022\/10\/18\/podtrampo-outubro-rosa-destaca-importancia-de-iniciativas-para-o-combate-ao-cancer-de-mama\/","title":{"rendered":"PodTrampo: Outubro Rosa destaca import\u00e2ncia de iniciativas para o combate ao c\u00e2ncer de mama"},"content":{"rendered":"\n<p>O 25\u00b0 epis\u00f3dio do PodTrampo, podcast da TVTEC Jundia\u00ed sobre empregabilidade, mercado de trabalho e empreendedorismo, teve como convidadas M\u00f4nica Gropelo, superintendente da FTVTEC Jundia\u00ed, e Carla Machado, artista especialista em reconstru\u00e7\u00e3o de ar\u00e9olas 3D.<\/p>\n\n\n\n<p>Apresentado pela jornalista Tayana Konrath, o bate-papo foi sobre a import\u00e2ncia da preven\u00e7\u00e3o do c\u00e2ncer de mama e o trabalho de Carla, que faz modelos 3D de ar\u00e9olas para mulheres que passam por cirurgia para combater a doen\u00e7a. Al\u00e9m disso, a live &#8220;C\u00e2ncer de mama &#8211; Informa\u00e7\u00e3o \u00e9 cura&#8221;, marcada para esta quinta-feira (20), \u00e0s 19h, tamb\u00e9m foi abordada na conversa.<\/p>\n\n\n\n<p>O podcast foi ao ar nesta ter\u00e7a-feira (20), \u00e0s 9h, com transmiss\u00e3o pelo Facebook e YouTube da TVTEC Jundia\u00ed. Para ouvir depois, \u00e9 poss\u00edvel acompanhar o PodTrampo a qualquer hora pelas plataformas de m\u00fasica.<\/p>\n\n\n<div class=\"wp-block-image\">\n<figure class=\"aligncenter size-full is-resized\"><img loading=\"lazy\" decoding=\"async\" src=\"https:\/\/tvtecjundiai.com.br\/news\/wp-content\/uploads\/sites\/2\/2022\/10\/WhatsApp-Image-2022-10-18-at-14.06.13-edited.jpeg\" alt=\"\" class=\"wp-image-99803\" width=\"684\" height=\"384\" srcset=\"https:\/\/tvtecjundiai.com.br\/news\/wp-content\/uploads\/sites\/2\/2022\/10\/WhatsApp-Image-2022-10-18-at-14.06.13-edited.jpeg 1024w, https:\/\/tvtecjundiai.com.br\/news\/wp-content\/uploads\/sites\/2\/2022\/10\/WhatsApp-Image-2022-10-18-at-14.06.13-edited-300x169.jpeg 300w, https:\/\/tvtecjundiai.com.br\/news\/wp-content\/uploads\/sites\/2\/2022\/10\/WhatsApp-Image-2022-10-18-at-14.06.13-edited-768x432.jpeg 768w\" sizes=\"auto, (max-width: 684px) 100vw, 684px\" \/><\/figure>\n<\/div>\n\n\n<p><strong>PodTrampo \u2013 O podcast sobre empregabilidade da TVTEC Jundia\u00ed<\/strong><\/p>\n\n\n\n<p><a href=\"https:\/\/www.facebook.com\/tvtecjundiai\/videos\/1310473546430490\" data-type=\"URL\" data-id=\"https:\/\/www.facebook.com\/tvtecjundiai\/videos\/1310473546430490\">Assista no Facebook<\/a><\/p>\n\n\n\n<p><a href=\"https:\/\/www.youtube.com\/watch?v=lmvJWHphxNw\" data-type=\"URL\" data-id=\"https:\/\/www.youtube.com\/watch?v=lmvJWHphxNw\">Assista no YouTube<\/a><\/p>\n\n\n\n<p><a href=\"https:\/\/open.spotify.com\/show\/7z6svX7eOSDP0ro1CLadv9\">Ou\u00e7a no Spotify<\/a><\/p>\n\n\n\n<p><a href=\"https:\/\/www.deezer.com\/br\/show\/3705277\">Ou\u00e7a no Deezer<\/a><\/p>\n\n\n\n<p><a href=\"https:\/\/podcasts.apple.com\/br\/podcast\/podtrampo\/id1624539227\">Ou\u00e7a no iTunes<\/a><\/p>\n\n\n\n<p><strong><em>(Fonte\/Imagem: TVTEC Jundia\u00ed)<\/em><\/strong><\/p>\n","protected":false},"excerpt":{"rendered":"<p>A artista Carla Machado \u00e9 especialista em reconstru\u00e7\u00e3o de ar\u00e9olas 3D para pacientes de c\u00e2ncer de mama<\/p>\n","protected":false},"author":30,"featured_media":99803,"comment_status":"closed","ping_status":"0","sticky":false,"template":"","format":"standard","meta":{"footnotes":""},"categories":[8362,8356,1],"tags":[],"class_list":["post-99798","post","type-post","status-publish","format-standard","has-post-thumbnail","hentry","category-empreendedorismo","category-jundiai","category-noticias"],"_links":{"self":[{"href":"https:\/\/tvtecjundiai.com.br\/news\/wp-json\/wp\/v2\/posts\/99798","targetHints":{"allow":["GET"]}}],"collection":[{"href":"https:\/\/tvtecjundiai.com.br\/news\/wp-json\/wp\/v2\/posts"}],"about":[{"href":"https:\/\/tvtecjundiai.com.br\/news\/wp-json\/wp\/v2\/types\/post"}],"author":[{"embeddable":true,"href":"https:\/\/tvtecjundiai.com.br\/news\/wp-json\/wp\/v2\/users\/30"}],"replies":[{"embeddable":true,"href":"https:\/\/tvtecjundiai.com.br\/news\/wp-json\/wp\/v2\/comments?post=99798"}],"version-history":[{"count":2,"href":"https:\/\/tvtecjundiai.com.br\/news\/wp-json\/wp\/v2\/posts\/99798\/revisions"}],"predecessor-version":[{"id":99804,"href":"https:\/\/tvtecjundiai.com.br\/news\/wp-json\/wp\/v2\/posts\/99798\/revisions\/99804"}],"wp:featuredmedia":[{"embeddable":true,"href":"https:\/\/tvtecjundiai.com.br\/news\/wp-json\/wp\/v2\/media\/99803"}],"wp:attachment":[{"href":"https:\/\/tvtecjundiai.com.br\/news\/wp-json\/wp\/v2\/media?parent=99798"}],"wp:term":[{"taxonomy":"category","embeddable":true,"href":"https:\/\/tvtecjundiai.com.br\/news\/wp-json\/wp\/v2\/categories?post=99798"},{"taxonomy":"post_tag","embeddable":true,"href":"https:\/\/tvtecjundiai.com.br\/news\/wp-json\/wp\/v2\/tags?post=99798"}],"curies":[{"name":"wp","href":"https:\/\/api.w.org\/{rel}","templated":true}]}}