{"id":99842,"date":"2022-10-19T08:51:19","date_gmt":"2022-10-19T11:51:19","guid":{"rendered":"https:\/\/tvtecjundiai.com.br\/news\/?p=99842"},"modified":"2022-10-19T08:51:28","modified_gmt":"2022-10-19T11:51:28","slug":"orquestra-faz-concerto-interativo-para-criancas-na-fabrica-das-infancias-japy-neste-domingo-23","status":"publish","type":"post","link":"https:\/\/tvtecjundiai.com.br\/news\/2022\/10\/19\/orquestra-faz-concerto-interativo-para-criancas-na-fabrica-das-infancias-japy-neste-domingo-23\/","title":{"rendered":"Orquestra faz concerto interativo para crian\u00e7as na F\u00e1brica das Inf\u00e2ncias Japy neste domingo (23)"},"content":{"rendered":"\n<p>A Unidade de Gest\u00e3o de Cultura (UGC) promove neste domingo (23), a partir das 10h30, um concerto interativo para crian\u00e7as com a Orquestra Sinf\u00f4nica Municipal de Jundia\u00ed (OSMJ). A atra\u00e7\u00e3o gratuita integra as iniciativas da Prefeitura pelo programa municipal Cidade das Crian\u00e7as, em continua\u00e7\u00e3o da programa\u00e7\u00e3o extensa do Dia das Crian\u00e7as na cidade, e \u00e9 um convite para a crian\u00e7ada marchar, cantar, dan\u00e7ar e fazer percuss\u00e3o corporal.<\/p>\n\n\n\n<p>\u201c<a href=\"https:\/\/www.flickr.com\/photos\/prefeituradejundiai\/albums\/72177720302918909\" target=\"_blank\" rel=\"noreferrer noopener\">Depois das apresenta\u00e7\u00f5es do espet\u00e1culo \u2018Instagrimm\u2019, com a Cia. Jovem de Dan\u00e7a no Polytheama<\/a>, agora \u00e9 a vez da Orquestra, outro de nossos corpos art\u00edsticos municipais, propor este concerto interativo para comemorar o Dia das Crian\u00e7as. E o lugar escolhido n\u00e3o poderia ser outro que a F\u00e1brica das Inf\u00e2ncias Japy, um espa\u00e7o voltado \u00e0 brincadeira e \u00e0 experimenta\u00e7\u00e3o art\u00edstica\u201d, comentou o gestor da UGC, Marcelo Peroni.<\/p>\n\n\n\n<p>O programa da apresenta\u00e7\u00e3o da manh\u00e3 traz pequenos trechos de obras: \u201cBolero\u201d, de Maurice Ravel; \u201cCarnaval dos Animais\u201d, de Camille Saint-Sa\u00ebns; \u201cSu\u00edte Brasileira\u201d, de Alberto Nepomuceno; Concerto para violino e \u201cQuebra-Nozes\u201d, de Piotr Tchaikovsky; a Sinfonia n\u00ba 7, de Ludwig van Beethoven; ao som dos seguintes instrumentos: clarinetes, contrabaixos, fagotes, flautas, obo\u00e9s, percuss\u00f5es, trompas, trompetes, violas, violinos e violoncelos.<\/p>\n\n\n\n<figure class=\"wp-block-image size-large\"><img loading=\"lazy\" decoding=\"async\" width=\"1200\" height=\"800\" src=\"https:\/\/tvtecjundiai.com.br\/news\/wp-content\/uploads\/sites\/2\/2022\/10\/orquestra_sinfonica_municipal_de_jundiai-1200x800.jpg\" alt=\"\" class=\"wp-image-99843\" srcset=\"https:\/\/tvtecjundiai.com.br\/news\/wp-content\/uploads\/sites\/2\/2022\/10\/orquestra_sinfonica_municipal_de_jundiai-1200x800.jpg 1200w, https:\/\/tvtecjundiai.com.br\/news\/wp-content\/uploads\/sites\/2\/2022\/10\/orquestra_sinfonica_municipal_de_jundiai-300x200.jpg 300w, https:\/\/tvtecjundiai.com.br\/news\/wp-content\/uploads\/sites\/2\/2022\/10\/orquestra_sinfonica_municipal_de_jundiai-768x512.jpg 768w, https:\/\/tvtecjundiai.com.br\/news\/wp-content\/uploads\/sites\/2\/2022\/10\/orquestra_sinfonica_municipal_de_jundiai.jpg 1280w\" sizes=\"auto, (max-width: 1200px) 100vw, 1200px\" \/><figcaption>Concerto interativo promete convidar a crian\u00e7ada e todo o p\u00fablico presente para marchar, cantar, dan\u00e7ar e fazer percuss\u00e3o corporal<\/figcaption><\/figure>\n\n\n\n<p>A regente titular e diretora art\u00edstica da OSMJ, a maestrina Claudia Feres, explica a proposta da apresenta\u00e7\u00e3o. \u201cFaremos essa experi\u00eancia do Concerto Interativo, que acredito que combina muito bem com o perfil da F\u00e1brica das Inf\u00e2ncias Japy. Tive uma breve assessoria das minhas fontes especialistas em crian\u00e7as bem pequenas, o que me d\u00e1 mais seguran\u00e7a em trazer para as crian\u00e7as a m\u00fasica de concerto de uma forma bem leve. Teremos ainda a presen\u00e7a do Bi\u00f3logo Cl\u00e1udio Cunha, que far\u00e1 uma brev\u00edssima participa\u00e7\u00e3o na m\u00fasica de Saint-Sa\u00ebns\u201d.<\/p>\n\n\n\n<p>A entrada \u00e9 gratuita e por ordem de chegada. A F\u00e1brica das Inf\u00e2ncias Japy fica na rua Lacerda Franco, 175 \u2013 Vila Arens. Mais informa\u00e7\u00f5es pelo telefone 4521-0971.<\/p>\n\n\n\n<p><strong><em>(Fonte\/Imagem: Prefeitura de Jundia\u00ed)<\/em><\/strong><\/p>\n","protected":false},"excerpt":{"rendered":"<p>Apresenta\u00e7\u00e3o promete convidar o p\u00fablico presente para marchar, cantar, dan\u00e7ar e fazer percuss\u00e3o corporal<\/p>\n","protected":false},"author":30,"featured_media":99843,"comment_status":"closed","ping_status":"0","sticky":false,"template":"","format":"standard","meta":{"footnotes":""},"categories":[2833,8356,8354,1],"tags":[],"class_list":["post-99842","post","type-post","status-publish","format-standard","has-post-thumbnail","hentry","category-cultura","category-jundiai","category-lazer","category-noticias"],"_links":{"self":[{"href":"https:\/\/tvtecjundiai.com.br\/news\/wp-json\/wp\/v2\/posts\/99842","targetHints":{"allow":["GET"]}}],"collection":[{"href":"https:\/\/tvtecjundiai.com.br\/news\/wp-json\/wp\/v2\/posts"}],"about":[{"href":"https:\/\/tvtecjundiai.com.br\/news\/wp-json\/wp\/v2\/types\/post"}],"author":[{"embeddable":true,"href":"https:\/\/tvtecjundiai.com.br\/news\/wp-json\/wp\/v2\/users\/30"}],"replies":[{"embeddable":true,"href":"https:\/\/tvtecjundiai.com.br\/news\/wp-json\/wp\/v2\/comments?post=99842"}],"version-history":[{"count":1,"href":"https:\/\/tvtecjundiai.com.br\/news\/wp-json\/wp\/v2\/posts\/99842\/revisions"}],"predecessor-version":[{"id":99844,"href":"https:\/\/tvtecjundiai.com.br\/news\/wp-json\/wp\/v2\/posts\/99842\/revisions\/99844"}],"wp:featuredmedia":[{"embeddable":true,"href":"https:\/\/tvtecjundiai.com.br\/news\/wp-json\/wp\/v2\/media\/99843"}],"wp:attachment":[{"href":"https:\/\/tvtecjundiai.com.br\/news\/wp-json\/wp\/v2\/media?parent=99842"}],"wp:term":[{"taxonomy":"category","embeddable":true,"href":"https:\/\/tvtecjundiai.com.br\/news\/wp-json\/wp\/v2\/categories?post=99842"},{"taxonomy":"post_tag","embeddable":true,"href":"https:\/\/tvtecjundiai.com.br\/news\/wp-json\/wp\/v2\/tags?post=99842"}],"curies":[{"name":"wp","href":"https:\/\/api.w.org\/{rel}","templated":true}]}}