{"id":99845,"date":"2022-10-19T09:05:10","date_gmt":"2022-10-19T12:05:10","guid":{"rendered":"https:\/\/tvtecjundiai.com.br\/news\/?p=99845"},"modified":"2022-10-19T09:05:14","modified_gmt":"2022-10-19T12:05:14","slug":"mais-propostas-artisticas-ineditas-compoem-a-live-da-cultura-desta-quarta-19","status":"publish","type":"post","link":"https:\/\/tvtecjundiai.com.br\/news\/2022\/10\/19\/mais-propostas-artisticas-ineditas-compoem-a-live-da-cultura-desta-quarta-19\/","title":{"rendered":"Mais propostas art\u00edsticas in\u00e9ditas comp\u00f5em a \u2018Live da Cultura\u2019 desta quarta (19)"},"content":{"rendered":"\n<p>De volta esta semana ap\u00f3s o feriado do dia da Padroeira do Brasil, a \u201cLive: Espa\u00e7o Cultura\u201d desta quarta-feira (19) traz, al\u00e9m das informa\u00e7\u00f5es, orienta\u00e7\u00f5es e instru\u00e7\u00f5es para os artistas da cidade, mais seis propostas art\u00edsticas in\u00e9ditas selecionadas de&nbsp;<a href=\"https:\/\/cultura.jundiai.sp.gov.br\/lei-aldir-blanc\/\" target=\"_blank\" rel=\"noreferrer noopener\">editais da lei de emerg\u00eancia cultural Aldir Blanc lan\u00e7ados pela Unidade de Gest\u00e3o de Cultura (UGC) em 2021<\/a>.<\/p>\n\n\n\n<p>Sempre \u00e0s 16h, o encontro on-line \u00e9 transmitido ao vivo pelos canais da UGC no&nbsp;<a href=\"https:\/\/pt-br.facebook.com\/culturajundiai\/\" target=\"_blank\" rel=\"noreferrer noopener\">Facebook<\/a>&nbsp;e&nbsp;<a href=\"https:\/\/www.youtube.com\/c\/CulturaJundia%C3%AD\/featured\" target=\"_blank\" rel=\"noreferrer noopener\">YouTube<\/a>&nbsp;e conta com a media\u00e7\u00e3o do diretor de Cultura, Jo\u00e3o Carlos De Luca. Desta vez, as linguagens art\u00edsticas dos trabalhos que ser\u00e3o exibidos ser\u00e3o Artes Visuais, Audiovisual, Dan\u00e7a, M\u00fasica e Patrim\u00f4nio Hist\u00f3rico e Cultural. Ap\u00f3s a transmiss\u00e3o, o conte\u00fado segue dispon\u00edvel para os espectadores interessados.<\/p>\n\n\n\n<p>A abertura das apresenta\u00e7\u00f5es ficar\u00e1 por conta da proposta de Artes Visuais \u201cFepasacraft\u201d, em que Felipe Rizzi traz uma v\u00eddeo-arte de apresenta\u00e7\u00e3o da constru\u00e7\u00e3o do Complexo Fepasa (atual Espa\u00e7o Expressa) dentro do Minecraft, jogo eletr\u00f4nico que permite que o jogador edite o terreno ao adicionar ou retirar blocos c\u00fabicos, propondo reflex\u00f5es sobre a rela\u00e7\u00e3o real-virtual, rememora\u00e7\u00e3o e espa\u00e7o urbano.<\/p>\n\n\n\n<figure class=\"wp-block-gallery has-nested-images columns-default is-cropped wp-block-gallery-1 is-layout-flex wp-block-gallery-is-layout-flex\">\n<figure class=\"wp-block-image size-large\"><img loading=\"lazy\" decoding=\"async\" width=\"1200\" height=\"661\" data-id=\"99846\" src=\"https:\/\/tvtecjundiai.com.br\/news\/wp-content\/uploads\/sites\/2\/2022\/10\/aldir_blanc_1-1200x661.png\" alt=\"\" class=\"wp-image-99846\" srcset=\"https:\/\/tvtecjundiai.com.br\/news\/wp-content\/uploads\/sites\/2\/2022\/10\/aldir_blanc_1-1200x661.png 1200w, https:\/\/tvtecjundiai.com.br\/news\/wp-content\/uploads\/sites\/2\/2022\/10\/aldir_blanc_1-300x165.png 300w, https:\/\/tvtecjundiai.com.br\/news\/wp-content\/uploads\/sites\/2\/2022\/10\/aldir_blanc_1-768x423.png 768w, https:\/\/tvtecjundiai.com.br\/news\/wp-content\/uploads\/sites\/2\/2022\/10\/aldir_blanc_1.png 1280w\" sizes=\"auto, (max-width: 1200px) 100vw, 1200px\" \/><\/figure>\n\n\n\n<figure class=\"wp-block-image size-large\"><img loading=\"lazy\" decoding=\"async\" width=\"1200\" height=\"671\" data-id=\"99847\" src=\"https:\/\/tvtecjundiai.com.br\/news\/wp-content\/uploads\/sites\/2\/2022\/10\/aldir_blanc_2-1200x671.png\" alt=\"\" class=\"wp-image-99847\" srcset=\"https:\/\/tvtecjundiai.com.br\/news\/wp-content\/uploads\/sites\/2\/2022\/10\/aldir_blanc_2-1200x671.png 1200w, https:\/\/tvtecjundiai.com.br\/news\/wp-content\/uploads\/sites\/2\/2022\/10\/aldir_blanc_2-300x168.png 300w, https:\/\/tvtecjundiai.com.br\/news\/wp-content\/uploads\/sites\/2\/2022\/10\/aldir_blanc_2-768x430.png 768w, https:\/\/tvtecjundiai.com.br\/news\/wp-content\/uploads\/sites\/2\/2022\/10\/aldir_blanc_2.png 1280w\" sizes=\"auto, (max-width: 1200px) 100vw, 1200px\" \/><\/figure>\n\n\n\n<figure class=\"wp-block-image size-large\"><img loading=\"lazy\" decoding=\"async\" width=\"1200\" height=\"669\" data-id=\"99848\" src=\"https:\/\/tvtecjundiai.com.br\/news\/wp-content\/uploads\/sites\/2\/2022\/10\/aldir_blanc_3-1200x669.png\" alt=\"\" class=\"wp-image-99848\" srcset=\"https:\/\/tvtecjundiai.com.br\/news\/wp-content\/uploads\/sites\/2\/2022\/10\/aldir_blanc_3-1200x669.png 1200w, https:\/\/tvtecjundiai.com.br\/news\/wp-content\/uploads\/sites\/2\/2022\/10\/aldir_blanc_3-300x167.png 300w, https:\/\/tvtecjundiai.com.br\/news\/wp-content\/uploads\/sites\/2\/2022\/10\/aldir_blanc_3-768x428.png 768w, https:\/\/tvtecjundiai.com.br\/news\/wp-content\/uploads\/sites\/2\/2022\/10\/aldir_blanc_3.png 1280w\" sizes=\"auto, (max-width: 1200px) 100vw, 1200px\" \/><\/figure>\n<figcaption class=\"blocks-gallery-caption\">Tr\u00eas primeiras propostas apresentadas ser\u00e3o \u201cFepasacraft\u201d, \u201cEP Visual \u2013 Parem as M\u00e1quinas\u201d e \u201cMaria dos Pacotes\u201d<\/figcaption><\/figure>\n\n\n\n<p>Na sequ\u00eancia, \u00e9 a vez de a DJ Maravilha (Isadora Reis) apresentar \u201cEP Visual \u2013 Parem as M\u00e1quinas\u201d, proposta audiovisual que traz m\u00fasica, v\u00eddeo, artes visuais e anima\u00e7\u00e3o, com quatro m\u00fasicas in\u00e9ditas da DJ, acompanhadas de narrativa visual constru\u00edda com anima\u00e7\u00e3o em \u201cstop motion\u201d que habitam os desenhos e pinturas da pr\u00f3pria artista.<\/p>\n\n\n\n<p>Em seguida, Ellen Karine Prestes apresenta \u201cMaria dos Pacotes\u201d, proposta de dan\u00e7a inspirada nas hist\u00f3rias contadas a respeito de Carlota Edith Barbieri, verdadeiro nome desta figura enigm\u00e1tica que perambulava pelas ruas de Jundia\u00ed pelas d\u00e9cadas de 1970 e 80, ressaltando a rela\u00e7\u00e3o entre seu corpo e a arquitetura e como, apesar de invis\u00edvel ao sistema, tornou-se relevante no imagin\u00e1rio da popula\u00e7\u00e3o.<\/p>\n\n\n\n<p>A proposta de M\u00fasica desta semana traz \u201cCan\u00e7\u00f5es dos Montes\u201d, grava\u00e7\u00e3o ao vivo de pocket show do Jo\u00e3o Fernandes, que mostra uma mistura de versatilidade e autenticidade, com a sofistica\u00e7\u00e3o da MPB e a diversidade da m\u00fasica brasileira.<\/p>\n\n\n\n<p>Para concluir, a apresenta\u00e7\u00e3o desta semana traz duas propostas contempladas pelo segmento Patrim\u00f4nio Hist\u00f3rico e Cultural \u2013 Material e Imaterial. A primeira delas \u00e9 \u201cBarravento e os Ritmos das Tradi\u00e7\u00f5es\u201d, em que Ob\u00e1 Dandereji (Ubirajara) e Kubanga Uazel\u00ea (Iago) apresentam um pouco do universo da tradi\u00e7\u00e3o sagrada dos tambores que, advinda de diversas regi\u00f5es da \u00c1frica, ganharam novas formas e manifesta\u00e7\u00f5es.<\/p>\n\n\n\n<p>E na sequ\u00eancia, Rhanna (Bruna Oliveira) apresenta, em \u201cForr\u00f3 For All?\u201d, suas pesquisas e descobertas sobre os diversos pontos de intersec\u00e7\u00e3o do Forr\u00f3 pelo mundo e a desmistifica\u00e7\u00e3o de alguns conceitos sobre a origem do g\u00eanero no Brasil e desta forma apresentar essas descobertas neste projeto. Tudo isso a partir de uma declara\u00e7\u00e3o do m\u00fasico franc\u00eas Claude Sicre, que diz ter ouvido no Nordeste a m\u00fasica dos trovadores occitanos com mais de 700 anos de exist\u00eancia. &nbsp;<\/p>\n\n\n\n<figure class=\"wp-block-gallery has-nested-images columns-default is-cropped wp-block-gallery-2 is-layout-flex wp-block-gallery-is-layout-flex\">\n<figure class=\"wp-block-image size-large\"><img loading=\"lazy\" decoding=\"async\" width=\"300\" height=\"168\" data-id=\"99849\" src=\"https:\/\/tvtecjundiai.com.br\/news\/wp-content\/uploads\/sites\/2\/2022\/10\/aldir_blanc_4-300x168-1.png\" alt=\"\" class=\"wp-image-99849\" \/><\/figure>\n\n\n\n<figure class=\"wp-block-image size-large\"><img loading=\"lazy\" decoding=\"async\" width=\"300\" height=\"169\" data-id=\"99850\" src=\"https:\/\/tvtecjundiai.com.br\/news\/wp-content\/uploads\/sites\/2\/2022\/10\/aldir_blanc_5-300x169-1.png\" alt=\"\" class=\"wp-image-99850\" \/><\/figure>\n\n\n\n<figure class=\"wp-block-image size-large\"><img loading=\"lazy\" decoding=\"async\" width=\"300\" height=\"168\" data-id=\"99851\" src=\"https:\/\/tvtecjundiai.com.br\/news\/wp-content\/uploads\/sites\/2\/2022\/10\/aldir_blanc_6-300x168-1.png\" alt=\"\" class=\"wp-image-99851\" \/><\/figure>\n<figcaption class=\"blocks-gallery-caption\">Na sequ\u00eancia, \u00e9 a vez de \u201cCan\u00e7\u00f5es dos Montes\u201d, \u201cBarravento e os Ritmos das Tradi\u00e7\u00f5es\u201d e \u201cForr\u00f3 For All?\u201d<\/figcaption><\/figure>\n\n\n\n<p><em><strong>(Fonte: Prefeitura de Jundia\u00ed\/Imagens: Divulga\u00e7\u00e3o)<\/strong><\/em><\/p>\n","protected":false},"excerpt":{"rendered":"<p>Sempre \u00e0s 16h, o encontro \u00e9 transmitido ao vivo pelo Facebook e YouTube <\/p>\n","protected":false},"author":30,"featured_media":99848,"comment_status":"closed","ping_status":"0","sticky":false,"template":"","format":"standard","meta":{"footnotes":""},"categories":[2833,8356,1],"tags":[],"class_list":["post-99845","post","type-post","status-publish","format-standard","has-post-thumbnail","hentry","category-cultura","category-jundiai","category-noticias"],"_links":{"self":[{"href":"https:\/\/tvtecjundiai.com.br\/news\/wp-json\/wp\/v2\/posts\/99845","targetHints":{"allow":["GET"]}}],"collection":[{"href":"https:\/\/tvtecjundiai.com.br\/news\/wp-json\/wp\/v2\/posts"}],"about":[{"href":"https:\/\/tvtecjundiai.com.br\/news\/wp-json\/wp\/v2\/types\/post"}],"author":[{"embeddable":true,"href":"https:\/\/tvtecjundiai.com.br\/news\/wp-json\/wp\/v2\/users\/30"}],"replies":[{"embeddable":true,"href":"https:\/\/tvtecjundiai.com.br\/news\/wp-json\/wp\/v2\/comments?post=99845"}],"version-history":[{"count":1,"href":"https:\/\/tvtecjundiai.com.br\/news\/wp-json\/wp\/v2\/posts\/99845\/revisions"}],"predecessor-version":[{"id":99852,"href":"https:\/\/tvtecjundiai.com.br\/news\/wp-json\/wp\/v2\/posts\/99845\/revisions\/99852"}],"wp:featuredmedia":[{"embeddable":true,"href":"https:\/\/tvtecjundiai.com.br\/news\/wp-json\/wp\/v2\/media\/99848"}],"wp:attachment":[{"href":"https:\/\/tvtecjundiai.com.br\/news\/wp-json\/wp\/v2\/media?parent=99845"}],"wp:term":[{"taxonomy":"category","embeddable":true,"href":"https:\/\/tvtecjundiai.com.br\/news\/wp-json\/wp\/v2\/categories?post=99845"},{"taxonomy":"post_tag","embeddable":true,"href":"https:\/\/tvtecjundiai.com.br\/news\/wp-json\/wp\/v2\/tags?post=99845"}],"curies":[{"name":"wp","href":"https:\/\/api.w.org\/{rel}","templated":true}]}}