{"id":9985,"date":"2018-05-08T14:16:25","date_gmt":"2018-05-08T17:16:25","guid":{"rendered":"https:\/\/tvtecjundiai.com.br\/news\/?p=9985"},"modified":"2018-05-08T14:16:37","modified_gmt":"2018-05-08T17:16:37","slug":"financas-realiza-segunda-audiencia-publica-sobre-ldo-2019","status":"publish","type":"post","link":"https:\/\/tvtecjundiai.com.br\/news\/2018\/05\/08\/financas-realiza-segunda-audiencia-publica-sobre-ldo-2019\/","title":{"rendered":"Finan\u00e7as realiza segunda audi\u00eancia p\u00fablica sobre LDO 2019"},"content":{"rendered":"<div id=\"attachment_9986\" style=\"width: 360px\" class=\"wp-caption alignleft\"><a href=\"https:\/\/tvtecjundiai.com.br\/news\/wp-content\/uploads\/sites\/2\/2018\/05\/camara_audiencia_publica.jpg\"><img loading=\"lazy\" decoding=\"async\" aria-describedby=\"caption-attachment-9986\" class=\"wp-image-9986\" src=\"https:\/\/tvtecjundiai.com.br\/news\/wp-content\/uploads\/sites\/2\/2018\/05\/camara_audiencia_publica-300x179.jpg\" alt=\"\" width=\"350\" height=\"209\" srcset=\"https:\/\/tvtecjundiai.com.br\/news\/wp-content\/uploads\/sites\/2\/2018\/05\/camara_audiencia_publica-300x179.jpg 300w, https:\/\/tvtecjundiai.com.br\/news\/wp-content\/uploads\/sites\/2\/2018\/05\/camara_audiencia_publica-768x458.jpg 768w, https:\/\/tvtecjundiai.com.br\/news\/wp-content\/uploads\/sites\/2\/2018\/05\/camara_audiencia_publica-1200x716.jpg 1200w, https:\/\/tvtecjundiai.com.br\/news\/wp-content\/uploads\/sites\/2\/2018\/05\/camara_audiencia_publica.jpg 1240w\" sizes=\"auto, (max-width: 350px) 100vw, 350px\" \/><\/a><p id=\"caption-attachment-9986\" class=\"wp-caption-text\">Segunda audi\u00eancia p\u00fablica do ano ser\u00e1 realizada na C\u00e2mara Municipal<\/p><\/div>\n<p>A Unidade de Gest\u00e3o de Governo e Finan\u00e7as (UGGF) promove, nesta quarta-feira (09), a segunda audi\u00eancia p\u00fablica sobre a Lei de Diretrizes Or\u00e7ament\u00e1rias (LDO) 2019, em fase de elabora\u00e7\u00e3o, que define as metas e as prioridades para o pr\u00f3ximo exerc\u00edcio fiscal bem como a pol\u00edtica de aplica\u00e7\u00e3o dos recursos.<\/p>\n<p>A audi\u00eancia p\u00fablica ser\u00e1 na C\u00e2mara Municipal (rua Bar\u00e3o de Jundia\u00ed, 128, Centro) a partir das 19h, com participa\u00e7\u00e3o aberta \u00e0 popula\u00e7\u00e3o. Os dados ser\u00e3o apresentados pelo gestor da UGGF, Jos\u00e9 Antonio Parimoschi.<\/p>\n<p><em>Fonte: Prefeitura de Jundia\u00ed<\/em><\/p>\n","protected":false},"excerpt":{"rendered":"<p>Encontro acontece na C\u00e2mara Municipal nesta quarta-feira (9)<\/p>\n","protected":false},"author":10,"featured_media":9986,"comment_status":"closed","ping_status":"closed","sticky":false,"template":"","format":"standard","meta":{"footnotes":""},"categories":[2834,2829],"tags":[5,15,2371,1396],"class_list":["post-9985","post","type-post","status-publish","format-standard","has-post-thumbnail","hentry","category-cidades","category-economia","tag-jundiai","tag-tvtec","tag-uggf","tag-unidade-de-gestao-de-governo-e-financas"],"_links":{"self":[{"href":"https:\/\/tvtecjundiai.com.br\/news\/wp-json\/wp\/v2\/posts\/9985","targetHints":{"allow":["GET"]}}],"collection":[{"href":"https:\/\/tvtecjundiai.com.br\/news\/wp-json\/wp\/v2\/posts"}],"about":[{"href":"https:\/\/tvtecjundiai.com.br\/news\/wp-json\/wp\/v2\/types\/post"}],"author":[{"embeddable":true,"href":"https:\/\/tvtecjundiai.com.br\/news\/wp-json\/wp\/v2\/users\/10"}],"replies":[{"embeddable":true,"href":"https:\/\/tvtecjundiai.com.br\/news\/wp-json\/wp\/v2\/comments?post=9985"}],"version-history":[{"count":2,"href":"https:\/\/tvtecjundiai.com.br\/news\/wp-json\/wp\/v2\/posts\/9985\/revisions"}],"predecessor-version":[{"id":9990,"href":"https:\/\/tvtecjundiai.com.br\/news\/wp-json\/wp\/v2\/posts\/9985\/revisions\/9990"}],"wp:featuredmedia":[{"embeddable":true,"href":"https:\/\/tvtecjundiai.com.br\/news\/wp-json\/wp\/v2\/media\/9986"}],"wp:attachment":[{"href":"https:\/\/tvtecjundiai.com.br\/news\/wp-json\/wp\/v2\/media?parent=9985"}],"wp:term":[{"taxonomy":"category","embeddable":true,"href":"https:\/\/tvtecjundiai.com.br\/news\/wp-json\/wp\/v2\/categories?post=9985"},{"taxonomy":"post_tag","embeddable":true,"href":"https:\/\/tvtecjundiai.com.br\/news\/wp-json\/wp\/v2\/tags?post=9985"}],"curies":[{"name":"wp","href":"https:\/\/api.w.org\/{rel}","templated":true}]}}