{"id":1685,"count":1,"description":"","link":"https:\/\/tvtecjundiai.com.br\/news\/tag\/camara-de-comercio-brasil-florida-e-representante-da-nasa-no-brasil\/","name":"C\u00e2mara de Com\u00e9rcio Brasil Fl\u00f3rida e representante da Nasa no Brasil","slug":"camara-de-comercio-brasil-florida-e-representante-da-nasa-no-brasil","taxonomy":"post_tag","meta":[],"_links":{"self":[{"href":"https:\/\/tvtecjundiai.com.br\/news\/wp-json\/wp\/v2\/tags\/1685","targetHints":{"allow":["GET"]}}],"collection":[{"href":"https:\/\/tvtecjundiai.com.br\/news\/wp-json\/wp\/v2\/tags"}],"about":[{"href":"https:\/\/tvtecjundiai.com.br\/news\/wp-json\/wp\/v2\/taxonomies\/post_tag"}],"wp:post_type":[{"href":"https:\/\/tvtecjundiai.com.br\/news\/wp-json\/wp\/v2\/posts?tags=1685"}],"curies":[{"name":"wp","href":"https:\/\/api.w.org\/{rel}","templated":true}]}}