{"id":3545,"count":2,"description":"","link":"https:\/\/tvtecjundiai.com.br\/news\/tag\/prevencao-ao-suicidio\/","name":"Preven\u00e7\u00e3o ao Suic\u00eddio","slug":"prevencao-ao-suicidio","taxonomy":"post_tag","meta":[],"_links":{"self":[{"href":"https:\/\/tvtecjundiai.com.br\/news\/wp-json\/wp\/v2\/tags\/3545","targetHints":{"allow":["GET"]}}],"collection":[{"href":"https:\/\/tvtecjundiai.com.br\/news\/wp-json\/wp\/v2\/tags"}],"about":[{"href":"https:\/\/tvtecjundiai.com.br\/news\/wp-json\/wp\/v2\/taxonomies\/post_tag"}],"wp:post_type":[{"href":"https:\/\/tvtecjundiai.com.br\/news\/wp-json\/wp\/v2\/posts?tags=3545"}],"curies":[{"name":"wp","href":"https:\/\/api.w.org\/{rel}","templated":true}]}}