{"id":6087,"count":1,"description":"","link":"https:\/\/tvtecjundiai.com.br\/news\/tag\/onibus-no-feriado-da-consciencia-negra-em-jundiai\/","name":"\u00d4nibus no feriado da Consci\u00eancia Negra em Jundia\u00ed","slug":"onibus-no-feriado-da-consciencia-negra-em-jundiai","taxonomy":"post_tag","meta":[],"_links":{"self":[{"href":"https:\/\/tvtecjundiai.com.br\/news\/wp-json\/wp\/v2\/tags\/6087","targetHints":{"allow":["GET"]}}],"collection":[{"href":"https:\/\/tvtecjundiai.com.br\/news\/wp-json\/wp\/v2\/tags"}],"about":[{"href":"https:\/\/tvtecjundiai.com.br\/news\/wp-json\/wp\/v2\/taxonomies\/post_tag"}],"wp:post_type":[{"href":"https:\/\/tvtecjundiai.com.br\/news\/wp-json\/wp\/v2\/posts?tags=6087"}],"curies":[{"name":"wp","href":"https:\/\/api.w.org\/{rel}","templated":true}]}}