{"id":8379,"count":1,"description":"","link":"https:\/\/tvtecjundiai.com.br\/news\/tag\/semana-de-adocao-de-jundiai\/","name":"Semana de Ado\u00e7\u00e3o de Jundia\u00ed","slug":"semana-de-adocao-de-jundiai","taxonomy":"post_tag","meta":[],"_links":{"self":[{"href":"https:\/\/tvtecjundiai.com.br\/news\/wp-json\/wp\/v2\/tags\/8379","targetHints":{"allow":["GET"]}}],"collection":[{"href":"https:\/\/tvtecjundiai.com.br\/news\/wp-json\/wp\/v2\/tags"}],"about":[{"href":"https:\/\/tvtecjundiai.com.br\/news\/wp-json\/wp\/v2\/taxonomies\/post_tag"}],"wp:post_type":[{"href":"https:\/\/tvtecjundiai.com.br\/news\/wp-json\/wp\/v2\/posts?tags=8379"}],"curies":[{"name":"wp","href":"https:\/\/api.w.org\/{rel}","templated":true}]}}